{"id":163,"date":"2008-09-08T19:11:51","date_gmt":"2008-09-08T22:11:51","guid":{"rendered":"http:\/\/www.ultimobaile.com\/?p=163"},"modified":"2025-12-24T13:03:57","modified_gmt":"2025-12-24T16:03:57","slug":"cinicamente-gay-now-with-lasers","status":"publish","type":"post","link":"https:\/\/www.ultimobaile.com\/?p=163","title":{"rendered":"Cinicamente gay (!) &#8211; now with lasers&#8230;"},"content":{"rendered":"\n<div id=\"attachment_199\" style=\"width: 490px\" class=\"wp-caption aligncenter\"><a href=\"https:\/\/www.ultimobaile.com\/wp-content\/uploads\/2008\/09\/trilha-sonora-2c2aa-edicao.jpg\"><img loading=\"lazy\" decoding=\"async\" aria-describedby=\"caption-attachment-199\" class=\"size-full wp-image-199\" title=\"Trilha Sonora - 2\u00aa edi\u00e7\u00e3o\" src=\"https:\/\/www.ultimobaile.com\/wp-content\/uploads\/2008\/09\/trilha-sonora-2c2aa-edicao.jpg\" alt=\"\u00daltima temporada do Trilha Sonora, pocket show no bar Marqu\u00eas - agora com b\u00f4nus track!\" width=\"480\" height=\"360\" srcset=\"https:\/\/www.ultimobaile.com\/wp-content\/uploads\/2008\/09\/trilha-sonora-2c2aa-edicao.jpg 480w, https:\/\/www.ultimobaile.com\/wp-content\/uploads\/2008\/09\/trilha-sonora-2c2aa-edicao-300x225.jpg 300w\" sizes=\"auto, (max-width: 480px) 100vw, 480px\" \/><\/a><p id=\"caption-attachment-199\" class=\"wp-caption-text\">\u00daltima temporada do Trilha Sonora, pocket show no bar Marqu\u00eas - agora com b\u00f4nus track!<\/p><\/div>\n<p style=\"text-align: justify;\">Atendendo a pedidos, o <a href=\"https:\/\/www.ultimobaile.com\/?p=117\" target=\"_blank\"><span style=\"text-decoration: none;\">Marqu\u00eas<\/span><\/a> volta a apresentar, s\u00f3 nesta semana e na pr\u00f3xima, seu pocket-show, o Trilha Sonora &#8211; Um Espet\u00e1culo C\u00ednico-Musical. Agora, com novas m\u00fasicas, Ricardo Castro tendo sido substituido por Bubba de Campos, e com convidados especiais. Ou seja: o clima de cabaret descaradamente glitter vai estar melhor ainda! Nesta quarta e na pr\u00f3xima, sempre \u00e0s 9h da noite &#8211; R$10,00 o couvert art\u00edstico.<\/p>\n","protected":false},"excerpt":{"rendered":"<p>Atendendo a pedidos, o Marqu\u00eas volta a apresentar, s\u00f3 nesta semana e na pr\u00f3xima, seu pocket-show, o Trilha Sonora &#8211; Um Espet\u00e1culo C\u00ednico-Musical. Agora, com novas m\u00fasicas, Ricardo Castro tendo sido substituido por Bubba de Campos, e com convidados especiais. Ou seja: o clima de cabaret descaradamente glitter vai estar [&hellip;]<\/p>\n","protected":false},"author":2,"featured_media":0,"comment_status":"closed","ping_status":"open","sticky":false,"template":"","format":"standard","meta":{"footnotes":""},"categories":[11,12,9],"tags":[50,73,52,72,51,53,15],"class_list":["post-163","post","type-post","status-publish","format-standard","hentry","category-01beber","category-01ver","category-01viver","tag-bar","tag-barra-avenida","tag-cabaret","tag-companhia-baiana-de-patifaria","tag-gay","tag-pocket-show","tag-salvador"],"_links":{"self":[{"href":"https:\/\/www.ultimobaile.com\/index.php?rest_route=\/wp\/v2\/posts\/163","targetHints":{"allow":["GET"]}}],"collection":[{"href":"https:\/\/www.ultimobaile.com\/index.php?rest_route=\/wp\/v2\/posts"}],"about":[{"href":"https:\/\/www.ultimobaile.com\/index.php?rest_route=\/wp\/v2\/types\/post"}],"author":[{"embeddable":true,"href":"https:\/\/www.ultimobaile.com\/index.php?rest_route=\/wp\/v2\/users\/2"}],"replies":[{"embeddable":true,"href":"https:\/\/www.ultimobaile.com\/index.php?rest_route=%2Fwp%2Fv2%2Fcomments&post=163"}],"version-history":[{"count":8,"href":"https:\/\/www.ultimobaile.com\/index.php?rest_route=\/wp\/v2\/posts\/163\/revisions"}],"predecessor-version":[{"id":4507,"href":"https:\/\/www.ultimobaile.com\/index.php?rest_route=\/wp\/v2\/posts\/163\/revisions\/4507"}],"wp:attachment":[{"href":"https:\/\/www.ultimobaile.com\/index.php?rest_route=%2Fwp%2Fv2%2Fmedia&parent=163"}],"wp:term":[{"taxonomy":"category","embeddable":true,"href":"https:\/\/www.ultimobaile.com\/index.php?rest_route=%2Fwp%2Fv2%2Fcategories&post=163"},{"taxonomy":"post_tag","embeddable":true,"href":"https:\/\/www.ultimobaile.com\/index.php?rest_route=%2Fwp%2Fv2%2Ftags&post=163"}],"curies":[{"name":"wp","href":"https:\/\/api.w.org\/{rel}","templated":true}]}}