{"id":1612,"date":"2009-08-19T08:29:46","date_gmt":"2009-08-19T11:29:46","guid":{"rendered":"http:\/\/www.ultimobaile.com\/?p=1612"},"modified":"2025-12-24T13:03:38","modified_gmt":"2025-12-24T16:03:38","slug":"os-filhos-prodigos-de-volta-a-casa","status":"publish","type":"post","link":"https:\/\/www.ultimobaile.com\/?p=1612","title":{"rendered":"Os filhos pr\u00f3digos de volta \u00e0 casa"},"content":{"rendered":"<p style=\"text-align: justify;\">.<\/p>\n<p style=\"text-align: justify;\"><img loading=\"lazy\" decoding=\"async\" class=\"aligncenter size-full wp-image-1613\" title=\"formid\u00e1vel\" src=\"https:\/\/www.ultimobaile.com\/wp-content\/uploads\/2009\/08\/formid\u00e1vel.jpg\" alt=\"formid\u00e1vel\" width=\"600\" height=\"435\" srcset=\"https:\/\/www.ultimobaile.com\/wp-content\/uploads\/2009\/08\/formid\u00e1vel.jpg 673w, https:\/\/www.ultimobaile.com\/wp-content\/uploads\/2009\/08\/formid\u00e1vel-300x217.jpg 300w\" sizes=\"auto, (max-width: 600px) 100vw, 600px\" \/><\/p>\n<p style=\"text-align: justify;\">Esse fim de agosto, abrindo a <a href=\"www.youtube.com\/watch?v=LyjevsBQBo4\" target=\"_blank\">Primavera<\/a>, vai ser o m\u00eas mais florido do ano na Bahia: depois de um ex\u00edlio de quase um bi\u00eanio, a <a href=\"http:\/\/www.myspace.com\/formidavelfamiliamusical\" target=\"_blank\"><strong>Formid\u00e1vel Fam\u00edlia Musical<\/strong><\/a> volta pra casa!<\/p>\n<p style=\"text-align: justify;\">\u00c9 s\u00f3 por duas semanas, mas vai ser uma maratona pra matar a saudade. A come\u00e7ar pelo <a href=\"http:\/\/www.festivaldeinvernobahia.com.br\/\" target=\"_blank\">Festival de Inverno de Vit\u00f3ria da Conquista<\/a>, dia 22, depois abrindo, junto com o <a href=\"http:\/\/www.myspace.com\/pirigulinobabilake\" target=\"_blank\">Pirigulino Babilake<\/a>, para\u00a0a vers\u00e3o paulista do Cordel do Fogo Encantado,\u00a0<a href=\"http:\/\/www.myspace.com\/teatromagico\" target=\"_blank\">Teatro M\u00e1gico<\/a>, no Circo Picolino, Salvador, dia 23 fim da tarde.<\/p>\n<p style=\"text-align: justify;\">Depois ainda tem Salvador de novo, no Caraca! (Praia do Cors\u00e1rio), dia 27 \u00e0s 21h, e Feira de Santana dia 29, no Kabanas. E pra deixar um perfume de flor pelo ar, no <em>bunker do p\u00f3s-ax\u00e9<\/em>, a <a href=\"http:\/\/www.boomerangueeventos.com.br\/\" target=\"_blank\">Boomerangue<\/a>, dia 30 \u00e0s 18h, a formidavelmente em seu melhor formato: ac\u00fastico &#8211; onde a voz luminosa e em falsete de Damm brilha mais.<\/p>\n","protected":false},"excerpt":{"rendered":"<p>. Esse fim de agosto, abrindo a Primavera, vai ser o m\u00eas mais florido do ano na Bahia: depois de um ex\u00edlio de quase um bi\u00eanio, a Formid\u00e1vel Fam\u00edlia Musical volta pra casa! \u00c9 s\u00f3 por duas semanas, mas vai ser uma maratona pra matar a saudade. A come\u00e7ar pelo [&hellip;]<\/p>\n","protected":false},"author":2,"featured_media":0,"comment_status":"closed","ping_status":"open","sticky":false,"template":"","format":"standard","meta":{"footnotes":""},"categories":[11,919,12,9],"tags":[20,883,168,809,513,383,952,950,518,15,949,951],"class_list":["post-1612","post","type-post","status-publish","format-standard","hentry","category-01beber","category-01flanar","category-01ver","category-01viver","tag-bahia","tag-cancao","tag-feira-de-santana","tag-festival-de-inverno","tag-flower-power","tag-formidavel-familia-musical","tag-kabanas","tag-pirigulino-babilake","tag-rio-de-janeiro","tag-salvador","tag-teatro-magico","tag-vitoria-da-conquista"],"_links":{"self":[{"href":"https:\/\/www.ultimobaile.com\/index.php?rest_route=\/wp\/v2\/posts\/1612","targetHints":{"allow":["GET"]}}],"collection":[{"href":"https:\/\/www.ultimobaile.com\/index.php?rest_route=\/wp\/v2\/posts"}],"about":[{"href":"https:\/\/www.ultimobaile.com\/index.php?rest_route=\/wp\/v2\/types\/post"}],"author":[{"embeddable":true,"href":"https:\/\/www.ultimobaile.com\/index.php?rest_route=\/wp\/v2\/users\/2"}],"replies":[{"embeddable":true,"href":"https:\/\/www.ultimobaile.com\/index.php?rest_route=%2Fwp%2Fv2%2Fcomments&post=1612"}],"version-history":[{"count":9,"href":"https:\/\/www.ultimobaile.com\/index.php?rest_route=\/wp\/v2\/posts\/1612\/revisions"}],"predecessor-version":[{"id":4347,"href":"https:\/\/www.ultimobaile.com\/index.php?rest_route=\/wp\/v2\/posts\/1612\/revisions\/4347"}],"wp:attachment":[{"href":"https:\/\/www.ultimobaile.com\/index.php?rest_route=%2Fwp%2Fv2%2Fmedia&parent=1612"}],"wp:term":[{"taxonomy":"category","embeddable":true,"href":"https:\/\/www.ultimobaile.com\/index.php?rest_route=%2Fwp%2Fv2%2Fcategories&post=1612"},{"taxonomy":"post_tag","embeddable":true,"href":"https:\/\/www.ultimobaile.com\/index.php?rest_route=%2Fwp%2Fv2%2Ftags&post=1612"}],"curies":[{"name":"wp","href":"https:\/\/api.w.org\/{rel}","templated":true}]}}