{"id":1594,"date":"2009-08-18T10:45:38","date_gmt":"2009-08-18T13:45:38","guid":{"rendered":"http:\/\/www.ultimobaile.com\/?p=1594"},"modified":"2025-12-24T13:03:38","modified_gmt":"2025-12-24T16:03:38","slug":"o-cultura-na-uti-deu-sinal-de-vida","status":"publish","type":"post","link":"https:\/\/www.ultimobaile.com\/?p=1594","title":{"rendered":"O &#8220;Cultura na UTI&#8221; deu sinal de vida!"},"content":{"rendered":"<div id=\"attachment_1595\" style=\"width: 331px\" class=\"wp-caption alignleft\"><img loading=\"lazy\" decoding=\"async\" aria-describedby=\"caption-attachment-1595\" class=\"size-full wp-image-1595\" title=\"aninha\" src=\"https:\/\/www.ultimobaile.com\/wp-content\/uploads\/2009\/08\/aninha.jpg\" alt=\"A Cassandra de Hosp\u00edcio, tangendo a boiada da mediocridade\" width=\"321\" height=\"241\" srcset=\"https:\/\/www.ultimobaile.com\/wp-content\/uploads\/2009\/08\/aninha.jpg 321w, https:\/\/www.ultimobaile.com\/wp-content\/uploads\/2009\/08\/aninha-300x225.jpg 300w\" sizes=\"auto, (max-width: 321px) 100vw, 321px\" \/><p id=\"caption-attachment-1595\" class=\"wp-caption-text\">A Cassandra de Hosp\u00edcio, aboiando a mediocridade<\/p><\/div>\n<p style=\"text-align: justify;\">E de vida inteligente! Depois de um m\u00eas sem postar (<a href=\"https:\/\/www.ultimobaile.com\/?p=1462\" target=\"_blank\">continuam sem aceitar coment\u00e1rios<\/a>, contudo), publicaram algo. <a href=\"http:\/\/culturanauti.blogspot.com\/2009\/08\/teatro-na-uti-propostas-e-acoes.html\" target=\"_blank\">\u00c9 um resumo das reivindica\u00e7\u00f5es feitas<\/a>.<\/p>\n<p style=\"text-align: justify;\">O que se pode notar \u00e9 que quase todas as demandas feitas \u00e0 Secretaria Estadual de Cultural pelos insatisfeitos ou j\u00e1 era atendida antes e eles n\u00e3o se deram conta, ou passou a ser atendida ou est\u00e1 sob an\u00e1lise. Ou seja: democraticamente acatou-se-as. <a href=\"https:\/\/www.ultimobaile.com\/?p=1212\" target=\"_blank\">Inclusive a sugest\u00e3o deste blog que pede que o Secret\u00e1rio d\u00ea um pux\u00e3o de orelha no empresariado local<\/a>, que insiste em patrocinar bloco de corda de ax\u00e9-music pra paulista ver &#8211; enquanto o <a href=\"http:\/\/www.neojiba.org\/\" target=\"_blank\">Neojib\u00e1 precisa de patroc\u00ednio do paulista Bradesco<\/a> para realizar sua turn\u00ea nordestina.<\/p>\n<p style=\"text-align: justify;\">Exce\u00e7\u00e3o apenas para a esdr\u00faxula demanda de &#8220;fortalecer o FazCultura&#8221;. Fruto do neoliberalismo galopante do des-governador C\u00e9sar Borges, o FazCultura \u00e9 a privatiza\u00e7\u00e3o do investimento na \u00e1rea, que deixa de ter vis\u00e3o de interesse coletivo ou est\u00e9tico. O FazCultura por muito tempo esteve na raiz do <em>ax\u00e9-sistem<\/em>, quando n\u00e3o torrava o desconto fiscal em atra\u00e7\u00f5es do sudeste &#8211; o que ao meu ver configura grave evas\u00e3o de divisas.<\/p>\n<p style=\"text-align: justify;\">Mais uma vez se ataca M\u00e1rcio Meirelles pelos seus acertos: o FazCultura j\u00e1 n\u00e3o deveria sequer existir mais! Enfraqueceu-se bastante na gest\u00e3o de M\u00e1rcio &#8211; mas para mim e para muitos ainda \u00e9 pouco: precisa deixar de existir. O empresariado precisa investir mais na Cultura? Sim &#8211; mas por motivos c\u00edvicos, para promover a imagem de sua empresa, e n\u00e3o com contrapartida fiscal do Estado. No Rio de Janeiro e em S\u00e3o Paulo j\u00e1 \u00e9 assim.<\/p>\n<p style=\"text-align: justify;\">A SECULT bahiana est\u00e1 j\u00e1 praticamente dentro do que prop\u00f5e a nova Lei Rouanet. O FazCultura \u00e9 um resqu\u00edcio da velha Lei Rouanet, que est\u00e1 por cair. Fortalec\u00ea-lo seria um retrocesso. Donde: o &#8220;Cultura na UTI&#8221; \u00e9 a vers\u00e3o jeje-nag\u00f4 dos insatisfeitos da Globo com a id\u00e9ia de pobre ir a concertos sinf\u00f4nicos com o <em>Vale Cultura<\/em>.<\/p>\n<p style=\"text-align: justify;\">Disse que os semi-mortos deram sinal de vida inteligente. E deram: ao fim do post novo deles, se v\u00ea que t\u00eam demandas fundamentais ao Prefeito Jo\u00e3o Henrique: que ele tenha uma Secretaria Municipal espec\u00edfica e exclusiva de Cultura; um Conselho Municipal de Cultura (exig\u00eancia m\u00ednima da SECULT para repasse de verbas em qualquer prefeitura &#8211; que dir\u00e1 na capital), um Fundo Municipal de Cultura, e que a Funda\u00e7\u00e3o Greg\u00f3rio de Matos deixe de ser gestora para se tornar fomentadora. Algo como o que Marcio Meirelles fez com a Funda\u00e7\u00e3o Cultural do Estado da Bahia.<\/p>\n<p style=\"text-align: justify;\">Esse povo \u00e9 cabotino! Esculhamba Marcio, e pede pra Jo\u00e3o Henrique fazer o mesmo que Marcio fez. Ou bem a SECULT \u00e9 uma bosta &#8211; e o Prefeito n\u00e3o deve imit\u00e1-la; ou bem ela \u00e9 \u00f3tima &#8211; e merece ter seu modelo copiado. Decidam-se!<\/p>\n<p style=\"text-align: justify;\">Estas demandas tamb\u00e9m s\u00e3o deste blogueiro que vos fala. E de qualquer pessoa, a direita ou a esquerda, que seja n\u00e3o-oligofr\u00eanico. Acontece que eu sou coerente: n\u00e3o ataco quem n\u00e3o gosto por que acertou. Teve acertos? Eu aplaudo! Quantas vezes eu j\u00e1 elogiei Paulo Souto aqui?\u00a0e Cl\u00e1udio Lembo? e Marco Maciel?- embora todo mundo saiba que eu nunca votei no PFL nem nunca o farei, salvo melhor ju\u00edzo.<\/p>\n<p style=\"text-align: justify;\">S\u00f3 quero ver se Jo\u00e3o Henrique vai tratar os semi-mortos com o desvelo democr\u00e1tico que M\u00e1rcio vem tratando&#8230;<\/p>\n","protected":false},"excerpt":{"rendered":"<p>E de vida inteligente! Depois de um m\u00eas sem postar (continuam sem aceitar coment\u00e1rios, contudo), publicaram algo. \u00c9 um resumo das reivindica\u00e7\u00f5es feitas. O que se pode notar \u00e9 que quase todas as demandas feitas \u00e0 Secretaria Estadual de Cultural pelos insatisfeitos ou j\u00e1 era atendida antes e eles n\u00e3o [&hellip;]<\/p>\n","protected":false},"author":2,"featured_media":0,"comment_status":"closed","ping_status":"open","sticky":false,"template":"","format":"standard","meta":{"footnotes":""},"categories":[13],"tags":[320,927,140,353,152,582,15,114],"class_list":["post-1594","post","type-post","status-publish","format-standard","hentry","category-01ler","tag-aninha-franco","tag-cultura-na-uti","tag-jaques-wagner","tag-joao-henrique-barradas-carneiro","tag-marcio-meirelles","tag-prefeitura","tag-salvador","tag-secretaria-de-cultura-do-estado-da-bahia"],"_links":{"self":[{"href":"https:\/\/www.ultimobaile.com\/index.php?rest_route=\/wp\/v2\/posts\/1594","targetHints":{"allow":["GET"]}}],"collection":[{"href":"https:\/\/www.ultimobaile.com\/index.php?rest_route=\/wp\/v2\/posts"}],"about":[{"href":"https:\/\/www.ultimobaile.com\/index.php?rest_route=\/wp\/v2\/types\/post"}],"author":[{"embeddable":true,"href":"https:\/\/www.ultimobaile.com\/index.php?rest_route=\/wp\/v2\/users\/2"}],"replies":[{"embeddable":true,"href":"https:\/\/www.ultimobaile.com\/index.php?rest_route=%2Fwp%2Fv2%2Fcomments&post=1594"}],"version-history":[{"count":6,"href":"https:\/\/www.ultimobaile.com\/index.php?rest_route=\/wp\/v2\/posts\/1594\/revisions"}],"predecessor-version":[{"id":4348,"href":"https:\/\/www.ultimobaile.com\/index.php?rest_route=\/wp\/v2\/posts\/1594\/revisions\/4348"}],"wp:attachment":[{"href":"https:\/\/www.ultimobaile.com\/index.php?rest_route=%2Fwp%2Fv2%2Fmedia&parent=1594"}],"wp:term":[{"taxonomy":"category","embeddable":true,"href":"https:\/\/www.ultimobaile.com\/index.php?rest_route=%2Fwp%2Fv2%2Fcategories&post=1594"},{"taxonomy":"post_tag","embeddable":true,"href":"https:\/\/www.ultimobaile.com\/index.php?rest_route=%2Fwp%2Fv2%2Ftags&post=1594"}],"curies":[{"name":"wp","href":"https:\/\/api.w.org\/{rel}","templated":true}]}}