{"id":1522,"date":"2009-08-14T23:40:52","date_gmt":"2009-08-15T02:40:52","guid":{"rendered":"http:\/\/www.ultimobaile.com\/?p=1522"},"modified":"2025-12-24T13:03:38","modified_gmt":"2025-12-24T16:03:38","slug":"pra-nao-dizer-que-nao-se-cantaram-cancoes","status":"publish","type":"post","link":"https:\/\/www.ultimobaile.com\/?p=1522","title":{"rendered":"Pra n\u00e3o dizer que n\u00e3o se cantaram can\u00e7\u00f5es"},"content":{"rendered":"<h2 style=\"text-align: justify;\">A can\u00e7\u00e3o pura em flor.<\/h2>\n<p style=\"text-align: center;\"><img loading=\"lazy\" decoding=\"async\" class=\"aligncenter size-full wp-image-1560\" title=\"formidavel\" src=\"https:\/\/www.ultimobaile.com\/wp-content\/uploads\/2009\/08\/formidavel.jpg\" alt=\"formidavel\" width=\"421\" height=\"280\" srcset=\"https:\/\/www.ultimobaile.com\/wp-content\/uploads\/2009\/08\/formidavel.jpg 421w, https:\/\/www.ultimobaile.com\/wp-content\/uploads\/2009\/08\/formidavel-300x199.jpg 300w\" sizes=\"auto, (max-width: 421px) 100vw, 421px\" \/><\/p>\n<blockquote>\n<p style=\"text-align: justify;\">\n<\/blockquote>\n<div style=\"text-align: justify;\">Cr\u00edticos da hiper-sexualiza\u00e7\u00e3o da ax\u00e9-music, a Formid\u00e1vel Fam\u00edlia Musical formulou a mais sutil e eficiente arma do p\u00f3s-axezismo: can\u00e7\u00f5es de amor. Do amor feliz, realizado, e t\u00e3o inocente que parece desgenitalizado. O amor de roubar flores, colorido e com cheiro-de-amor. Can\u00e7\u00f5es de amor dan\u00e7antes, esfuziantes &#8211; \u00e0s vezes feitas puramente de onomatop\u00e9ia, trinadas na bela voz em falsete de Damm, a quem tive o prazer de entrevistar (que n\u00e3o foi maior por ter sido via e-mail). Filhos pr\u00f3digos exilados no Rio de Janeiro, voltam a casa em shows em Vit\u00f3ria da Conquista, Salvador e Feira de Santana. Leia a seguir.<\/div>\n<blockquote style=\"text-align: justify;\"><p>Vou lhe dizer no que acredito. Se na \u00e9poca de nossos pais a can\u00e7\u00e3o tinha como um dos seus sentidos mais importantes um tipo de\u00a0 refer\u00eancia \u00e0 um ideal coletivo de transforma\u00e7\u00e3o do pa\u00eds, hoje me parece que ela est\u00e1 transformada, cantando uma hist\u00f3ria segmentada e porque n\u00e3o dizer alienada.<\/p><\/blockquote>\n<blockquote>\n<p style=\"text-align: justify;\"><strong>LUCAS JERZY PORTELA: N\u00e3o sei bem se alienada. Pensando em can\u00e7\u00f5es como <a href=\"http:\/\/www.youtube.com\/watch?v=FewtaErM-g0\" target=\"_blank\"><em>Depois de Ver<\/em><\/a> (de O C\u00edrculo) e <em>NuCuTurismo <\/em>(Clube da Malandragem), que fazem incidir uma mudan\u00e7a pol\u00edtica (o fim do carlo-axezismo) na subjetividade dos ouvintes (geralmente adolescentes) &#8211; n\u00e3o seriam can\u00e7\u00f5es t\u00e3o politizadas quanto um <em>Atr\u00e1s da Porta<\/em> (de Chico Buarque)?<\/strong><br \/>\nDAMM: N\u00e3o acredito que s\u00e3o politizadas. Vejo muito mais como uma can\u00e7\u00e3o do indiv\u00edduo segmentado, que chegou a si mesmo depois de negar, ou superar as institui\u00e7\u00f5es , estas sim politizadas. Acho super p\u00f3s-moderno O Circulo. Tenho certeza que a for\u00e7a da can\u00e7\u00e3o est\u00e1 associada a sua capacidade quanto ve\u00edculo de mensagem, independente de abordar temas sociol\u00f3gicos ou semi\u00f3ticos.<\/p>\n<p style=\"text-align: justify;\"><strong>Certo, sem d\u00favida. A can\u00e7\u00e3o, eu diria, \u00e9 a m\u00fasica que se canta junto, e s\u00f3 na voz &#8211; e n\u00e3o a feita pra dan\u00e7ar. Um lugar de constru\u00e7\u00e3o social da subjetividade em conjunto (amigos) ou aos pares (amores). A <a href=\"http:\/\/www.myspace.com\/formidavelfamiliamusical\" target=\"_blank\">Formid\u00e1vel<\/a> celebra em suas can\u00e7\u00f5es especialmente isso: amores e amigos, de modo leve. Como pensa isso?<\/strong><br \/>\nAcho que a can\u00e7\u00e3o pode ser pra dan\u00e7ar, para refletir, para tudo. A can\u00e7\u00e3o tem muito valor. A Formid\u00e1vel \u00e9 a minha express\u00e3o do que seria um neo-idealismo. Aproveito a forma simples da can\u00e7\u00e3o, a sua capacidade de carregar a mensagem ao grande p\u00fablico, o seu apelo popular, para tentar criar um outro paradigma, este agora embasado no positivismo, na no\u00e7\u00e3o de que devemos esperar o melhor, tentar construir esta harmonia que tanto se reclama mas pouco se faz para construir. Mas especialmente no que diz respeito aos s\u00edmbolos \u00e9 que percebo o momento da can\u00e7\u00e3o em Salvador. Salvador hoje \u00e9 um centro urbano saturado de s\u00edmbolos e conceitos herm\u00e9ticos que n\u00e3o poderiam passar despercebidos pelos \u201carteiros\u201d.<\/p>\n<p style=\"text-align: justify;\"><strong>A\u00ed j\u00e1 n\u00e3o entendo. A Formid\u00e1vel n\u00e3o tem quase nenhuma cita\u00e7\u00e3o imag\u00e9tica da Bahia (n\u00e3o falo da bahia tur\u00edstica). <a href=\"http:\/\/www.myspace.com\/ocirculo\" target=\"_blank\">O C\u00edrculo<\/a>, o Clube e mesmo o <a href=\"http:\/\/www.myspace.com\/retrofoguetes\" target=\"_blank\">Retrofoguetes<\/a> tem. Como a Formid\u00e1vel se encaixa nisso?<br \/>\n<\/strong>A Formid\u00e1vel Fam\u00edlia Musical \u00e9 uma cita\u00e7\u00e3o do estado de esp\u00edrito da Bahia. A Fam\u00edlia Musical que construi, n\u00e3o segue o conceito de uma banda tradicional. S\u00e3o v\u00e1rios membros, rastafaris, rockeiros, morenos, loiros, pardos, religiosos, ateus. Nossa refer\u00eancia \u00e9 bem isso ai. O sincretismo dos g\u00eaneros, a toler\u00e2ncia e o bem estar com a vida. Paralelamente a isso acho que o p\u00fablico baiano tem mais informa\u00e7\u00e3o dispon\u00edvel hoje do que na minha adolescencia por exemplo&#8230; Isso ajudou tanto a fomentar a produ\u00e7\u00e3o cultural quanto a estabelecer novos patamares de aprecia\u00e7\u00e3o art\u00edstica. Em contrapartida existe hoje um p\u00fablico muito maior capaz dessa leitura. Acho que isso explica tamb\u00e9m a retomada cultural ocorrida em Salvador. O p\u00f3s-axezismo&#8230; Que na verdade compreendo como as pazes do \u201cAx\u00e9-tradicional\u201d com a can\u00e7\u00e3o que culminou com o sucesso da m\u00fasicas soteropolitana em \u00e2mbito nacional em larga escala e g\u00eaneros, vide Ivete, Pitty, o pessoal do rock mais pesado, Blues, Gospel, Orquestra Juvenil&#8230;<\/p>\n<p style=\"text-align: justify;\"><strong>A Retomada \u00e9 hoje quase um mito &#8211; isto \u00e9: para os que tem olhos de enxerg\u00e1-la. Os que tem olhos incluem ex-axezistas recentes, como Ivete Sangalo (que hoje apoia a <a href=\"http:\/\/www.rumpilezz.com\/\" target=\"_blank\">Orkestra Rumpilezz<\/a> e o <a href=\"http:\/\/www.neojiba.org\/\" target=\"_blank\">Neojib\u00e1<\/a>). E h\u00e1 rockeiros reacion\u00e1rios que n\u00e3o enxergam esta mudan\u00e7a. Concordo com voc\u00ea que a mudan\u00e7a \u00e9 mais um reestabelecimento de di\u00e1logo entre o ax\u00e9-music de origem e um rock capaz de gerar p\u00fablico sem ser pop. Mas, como mito, o P\u00f3s-axezismo tem v\u00e1rias vers\u00f5es narrativas. Conte a sua. (especialmente porque voc\u00ea se exilou no Rio de Janeiro exatamente quando o P\u00f3s-axezismo ganhou for\u00e7a. A \u00faltima vez que te vi foi no 1\u00ba Retrofolia, que considero o marco-zero da Retomada).<br \/>\n<\/strong>A respeito da Retomada, como j\u00e1 havias dito antes acredito que a retomada na verdade pode ser simbolizada pelo esgotamento do discurso in\u00f3cuo do ax\u00e9 tradicional, beijo na boca, dancinhas e etc, que na verdade foi o que vendeu o ax\u00e9 nos anos 80 e 90, acontecendo concomitantemente a uma dilata\u00e7\u00e3o do olhar soteropolitano sobre o resto do pa\u00eds. Acho que o Ax\u00e9 soube abrir suas portas para o pop, o rock, a musica latina&#8230; O Ax\u00e9 mateve a tradi\u00e7\u00e3o sincr\u00e9tica. Hoje ele n\u00e3o existe. As bandas de pop, rock, blues, jazz, tudo isso que &#8220;surge&#8221; como novo e alternativo em Salvador creio que s\u00f3 ocorra devido este olhar para fora, devido a chegada de informa\u00e7\u00e3o e desenvolvimento gradual da audi\u00eancia soteropolitana. Acho isso super natural. Aconteceu comigo.<br \/>\nAte os 18 anos eu s\u00f3 queria saber de rock, blues. Um contra cultura, nossa cultura. Depois do tempo que morei fora, na Inglaterra (1 ano) e na Fran\u00e7a (2 anos e meio), onde me pediam para tocar Djavan, Jobim, coisas brasileir\u00edssimas&#8230; Assim pude lan\u00e7ar um outro tipo de olhar sobre a nossa m\u00fasica, enfim me apaixonei, e enfim achei o meu caminho. Foi importante sair, experimentar e aglutinar estas informa\u00e7\u00f5es musicais para poder ir adiante. Acho que foi assim com o ax\u00e9 tambem. \u00c9 natural. E, quando alardea-se o fim da can\u00e7\u00e3o, me soa estranho e at\u00e9 est\u00fapido, alguma coisa como Fukuyama decretando o fim da hist\u00f3ria&#8230; Ela (a can\u00e7\u00e3o) se transforma, em diferentes momentos, por diversas quest\u00f5es. E que bom que \u00e9 assim. Que bom que somos diferentes.<\/p>\n<p style=\"text-align: justify;\"><strong>Fale mais sobre esta rela\u00e7\u00e3o entre o Fim da Hist\u00f3ria e a Morte da Can\u00e7\u00e3o. Ambos s\u00e3o mitos neoliberais\/p\u00f3s-modernos? A can\u00e7\u00e3o \u00e9 um formato que nasceu aqui e nos estados-unidos com e no Modernismo. Vivemos hoje aquilo que os arquitetos t\u00eam chamado de Neo-modernismo?<br \/>\n<\/strong>Acho esta uma discuss\u00e3o realmente muito profunda. Vou tentar sintetizar o meu pensamento. Acho que o Fim da Historia de Fukuyama reflete a decep\u00e7\u00e3o do indiv\u00edduo em rela\u00e7\u00e3o \u00e0s espectativas geradas no per\u00edodo modernista. Tanto se falou de maravilhosos horizontes e hoje o que temos? O Comunismo acabou. O capitalismo prevalesceu. E isso fez o mundo melhor? Com certeza n\u00e3o. Acho que Fukuyama assim como Chico Buarque se precipitaram. Ou servem a outros senhores. Pra mim, ao dizer que a hist\u00f3ria acabou se diz que o mundo \u00e9 dos americanos. E sabemos que n\u00e3o o \u00e9. Pra mim, Chico Buarque dizer que a can\u00e7\u00e3o acabou \u00e9 dizer que s\u00f3 ele e sua turma a fez. Acho precipitado, curiosamente infantil e muito decepcionante.<br \/>\nCriamos neste periodo de modernidade s\u00edmbolos e signos para tudo. S\u00edmbolos estes que de certa forma aleijam o conceito do que representam. O que quero dizer \u00e9 que \u00e9 natural depois do axezismo uma mistura de conceitos musicais, por mais rasa e mundana que seja. Isso \u00e9 p\u00f3s-moderno. Hoje n\u00e3o h\u00e1 mais ax\u00e9, nem rock, nem nada. Existe a can\u00e7\u00e3o que vende em escala (a popular) e arte. Ivete \u00e9 Ax\u00e9 ou pop? Cidade Negra \u00e9 Reggae ou Pop? Formid\u00e1vel \u00e9 rock ou Pop? Orkestra Rumpilezz \u00e9 jazz ou Pop? Estes generos hoje s\u00f3 servem como referencia\u00e7\u00e3o ao nicho de mercado. Tem apenas prop\u00f3sitos de Marketing (no uso correto da palavra). E ela vende por causa destes signos, estas referencias aleijadas que temos da realidade hoje de nossa sociedade global. Mas esta \u00e9 s\u00f3 a minha impress\u00e3o. Tento fazer isso com a Formid\u00e1vel, mas de uma outra forma. Usar o formato can\u00e7\u00e3o para divulgar aquela velha mensagem de um ideal coletivo embora muito mais embasado numa vis\u00e3o hol\u00edstica (a coisa do bem e da harmonia) do que na f\u00e1bula pol\u00edtica. Acho que a can\u00e7\u00e3o continuar\u00e1 viva por bastante tempo ainda.<\/p>\n<p style=\"text-align: justify;\"><strong>A Formid\u00e1vel e O C\u00edrculo pegam em cheio um p\u00fablico colegial, adolescente. P\u00fablico que ali\u00e1s sai no Cheiro de Amor (bloco de abad\u00e1 de ax\u00e9-music, mas light) &#8211; dentro daquele di\u00e1logo retomado de que falamos. O Clube da Malandragem e o Retrofoguetes pegam um p\u00fablico j\u00e1 mais maduro. Eu morro de inveja por n\u00e3o ter adolescido ao som da Formid\u00e1vel e de O C\u00edrculo. Como voc\u00ea pensa esta rela\u00e7\u00e3o: adolesc\u00eancia colegial da Salvador p\u00f3s-ax\u00e9 &amp; a Formid\u00e1vel?<br \/>\n<\/strong>Acredito que o adolescente \u00e9 esta transi\u00e7\u00e3o do que &#8220;me disseram&#8221; para &#8220;o que eu experimentei ate aqui&#8221;. Acho isso a cara do C\u00edrculo e da musica deles. Acho que Formid\u00e1vel Fam\u00edlia Musical n\u00e3o \u00e9 apenas para adolescentes. Temos muitos f\u00e3s crian\u00e7as e adultos e idosos. Ainda bem.<\/p>\n<p style=\"text-align: justify;\"><strong>Me ocorreu agora que o Cheiro de Amor tinha, no auge, as mais flower e mais belas can\u00e7\u00f5es do ax\u00e9-cl\u00e1ssico. Tipo: &#8220;<a href=\"http:\/\/www.youtube.com\/watch?v=oZjvuOtggmQ\" target=\"_blank\">Sim \/ \u00e9 um jardim \/ mui delirante \/ com mil e um lances de brilho e de cor<\/a>&#8221; ou &#8220;<a href=\"http:\/\/www.youtube.com\/watch?v=5a6yy6DIs7g\" target=\"_blank\">Amor amor amor \/ tem cheiro de amor pelo pa\u00eds \/ deixa bater o cora\u00e7\u00e3o e diz \/ a gente quer \u00e9 ser feliz feliz feliz<\/a>&#8220;. Que rela\u00e7\u00e3o voc\u00ea v\u00ea entre isso e a Formid\u00e1vel? O Cheiro de Amor dessas m\u00fasicas fazia can\u00e7\u00e3o?<br \/>\n<\/strong>Com certeza. Em toda a sua simplicidade e eficiencia.<\/p>\n<p style=\"text-align: justify;\"><strong>Uma vez, no\u00a0<a href=\"https:\/\/www.ultimobaile.com\/?p=384\" target=\"_blank\">Baile Esquema Novo<\/a>, comentei que a Formid\u00e1vel n\u00e3o faz rock, nem folk, mas jingle. \u00c9 exagero dizer isso, mas creio que h\u00e1 uma verdade a\u00ed: a Formid\u00e1vel faz sobretudo can\u00e7\u00e3o. \u00c9 a can\u00e7\u00e3o em estado puro. \u00c9 primeiro can\u00e7\u00e3o, e secundariamente \u00e9 folk. Diferente de O C\u00edrculo, que \u00e9 primeiro MPB ou rock, pra secundariamente ser can\u00e7\u00e3o. O que acha disso?<br \/>\n<\/strong>Acho que FFM \u00e9 m\u00fasica, \u00e0s vezes pop, \u00e0s vezes blues, \u00e0s vezes trova, \u00e9 bastante sixties&#8230; Acho que tem apelo comercial, acho que esta facilidade que tem em se comunicar com a audi\u00eancia \u00e9 que traz esta sensa\u00e7\u00e3o jingle comentada por Fr\u00f3es. Can\u00e7\u00e3o \u00e9 desde o come\u00e7o, n\u00e3o pode ser de outra forma. Formid\u00e1vel sim, \u00e9 can\u00e7\u00e3o. Can\u00e7\u00e3o em suas diversas leituras. E vem muito mais por a\u00ed. A cada novo membro, a cada nova experi\u00eancia&#8230;Tenho viajado bastante e trazido muitos membros para a Fam\u00edlia e de certa forma eles me influenciam na hora de compor. Se no inicio\u00a0 o Idealismo Kantiano fruia nas letras e no ideal da FFM, pode -se dizer que estou num momento mais &#8220;expressionista&#8221; agora. Numa tentativa de criar algo &#8220;Tim Burton&#8221; na minha m\u00fasica. Um momento verdadeiramente mais Nietzscheano. Gosto dos porqu\u00eas na can\u00e7\u00e3o. Pra mim n\u00e3o poderia ser de outra forma.<\/p><\/blockquote>\n<p style=\"text-align: center;\"><object classid=\"clsid:d27cdb6e-ae6d-11cf-96b8-444553540000\" width=\"425\" height=\"344\" codebase=\"http:\/\/download.macromedia.com\/pub\/shockwave\/cabs\/flash\/swflash.cab#version=6,0,40,0\"><param name=\"allowFullScreen\" value=\"true\" \/><param name=\"allowscriptaccess\" value=\"always\" \/><param name=\"src\" value=\"http:\/\/www.youtube.com\/v\/IuySndOPyeo&amp;hl=pt-br&amp;fs=1&amp;\" \/><param name=\"allowfullscreen\" value=\"true\" \/><embed type=\"application\/x-shockwave-flash\" width=\"425\" height=\"344\" src=\"http:\/\/www.youtube.com\/v\/IuySndOPyeo&amp;hl=pt-br&amp;fs=1&amp;\" allowscriptaccess=\"always\" allowfullscreen=\"true\"><\/embed><\/object><\/p>\n","protected":false},"excerpt":{"rendered":"<p>A can\u00e7\u00e3o pura em flor. Cr\u00edticos da hiper-sexualiza\u00e7\u00e3o da ax\u00e9-music, a Formid\u00e1vel Fam\u00edlia Musical formulou a mais sutil e eficiente arma do p\u00f3s-axezismo: can\u00e7\u00f5es de amor. Do amor feliz, realizado, e t\u00e3o inocente que parece desgenitalizado. O amor de roubar flores, colorido e com cheiro-de-amor. Can\u00e7\u00f5es de amor dan\u00e7antes, esfuziantes [&hellip;]<\/p>\n","protected":false},"author":2,"featured_media":0,"comment_status":"closed","ping_status":"open","sticky":false,"template":"","format":"standard","meta":{"footnotes":""},"categories":[933],"tags":[512,79,183,20,178,181,285,84,883,941,235,934,719,383,942,706,523,936,80,90,81,511,77,937,524,48,136,940,15,935,939],"class_list":["post-1522","post","type-post","status-publish","format-standard","hentry","category-o-retorno-da-cancao","tag-anti-axe","tag-anti-axezismo","tag-axe-music","tag-bahia","tag-baile-esquema-novo","tag-boomerangue","tag-brasil","tag-camilo-froes","tag-cancao","tag-cheiro-de-amor","tag-clube-da-malandragem","tag-damm","tag-folk","tag-formidavel-familia-musical","tag-ivete-sangalo","tag-letieres-leite","tag-moroto-slim","tag-morte-da-cancao","tag-o-circulo","tag-orkestra-rumpilezz","tag-pedro-ponde","tag-pos-axe","tag-pos-axezismo","tag-retorno-da-cancao","tag-retrofoguetes","tag-rio-vermelho","tag-rock","tag-ruy-castro","tag-salvador","tag-thiago-kalu","tag-volta-da-cancao"],"_links":{"self":[{"href":"https:\/\/www.ultimobaile.com\/index.php?rest_route=\/wp\/v2\/posts\/1522","targetHints":{"allow":["GET"]}}],"collection":[{"href":"https:\/\/www.ultimobaile.com\/index.php?rest_route=\/wp\/v2\/posts"}],"about":[{"href":"https:\/\/www.ultimobaile.com\/index.php?rest_route=\/wp\/v2\/types\/post"}],"author":[{"embeddable":true,"href":"https:\/\/www.ultimobaile.com\/index.php?rest_route=\/wp\/v2\/users\/2"}],"replies":[{"embeddable":true,"href":"https:\/\/www.ultimobaile.com\/index.php?rest_route=%2Fwp%2Fv2%2Fcomments&post=1522"}],"version-history":[{"count":12,"href":"https:\/\/www.ultimobaile.com\/index.php?rest_route=\/wp\/v2\/posts\/1522\/revisions"}],"predecessor-version":[{"id":4350,"href":"https:\/\/www.ultimobaile.com\/index.php?rest_route=\/wp\/v2\/posts\/1522\/revisions\/4350"}],"wp:attachment":[{"href":"https:\/\/www.ultimobaile.com\/index.php?rest_route=%2Fwp%2Fv2%2Fmedia&parent=1522"}],"wp:term":[{"taxonomy":"category","embeddable":true,"href":"https:\/\/www.ultimobaile.com\/index.php?rest_route=%2Fwp%2Fv2%2Fcategories&post=1522"},{"taxonomy":"post_tag","embeddable":true,"href":"https:\/\/www.ultimobaile.com\/index.php?rest_route=%2Fwp%2Fv2%2Ftags&post=1522"}],"curies":[{"name":"wp","href":"https:\/\/api.w.org\/{rel}","templated":true}]}}