{"id":152,"date":"2008-09-07T09:20:29","date_gmt":"2008-09-07T12:20:29","guid":{"rendered":"http:\/\/www.ultimobaile.com\/?p=152"},"modified":"2025-12-24T13:03:57","modified_gmt":"2025-12-24T16:03:57","slug":"dialogo-sonoro","status":"publish","type":"post","link":"https:\/\/www.ultimobaile.com\/?p=152","title":{"rendered":"Di\u00e1logo Sonoro"},"content":{"rendered":"<p style=\"text-align: justify;\"><span style=\"text-decoration: underline;\"><a style=\"text-decoration: none;\" href=\"http:\/\/www.atarde.com.br\/jornalatarde\/caderno2\/noticia.jsf;jsessionid=00FEE223A10921993D727074B4F0E52B.jbosstosh1?id=952963\" target=\"_blank\">Caderno 2 de A Tarde<\/a><\/span><\/p>\n<p style=\"text-align: justify;\">\n<div id=\"attachment_201\" style=\"width: 510px\" class=\"wp-caption aligncenter\"><a href=\"https:\/\/www.ultimobaile.com\/wp-content\/uploads\/2008\/09\/dialogo-sonoro.jpg\"><img loading=\"lazy\" decoding=\"async\" aria-describedby=\"caption-attachment-201\" class=\"size-full wp-image-201\" title=\"Di\u00e1logo Sonoro 2008\" src=\"https:\/\/www.ultimobaile.com\/wp-content\/uploads\/2008\/09\/dialogo-sonoro.jpg\" alt=\"Projeto da EMUS-UFBA, toda semana, do in\u00edcio de setembro at\u00e9 final de outubro, quartas e quintas, no SESC-SENAC Pelourinho.\" width=\"500\" height=\"700\" srcset=\"https:\/\/www.ultimobaile.com\/wp-content\/uploads\/2008\/09\/dialogo-sonoro.jpg 1054w, https:\/\/www.ultimobaile.com\/wp-content\/uploads\/2008\/09\/dialogo-sonoro-214x300.jpg 214w\" sizes=\"auto, (max-width: 500px) 100vw, 500px\" \/><\/a><p id=\"caption-attachment-201\" class=\"wp-caption-text\">Projeto da EMUS-UFBA, toda semana, do in\u00edcio de setembro at\u00e9 final de outubro, quartas e quintas, no SESC-SENAC Pelourinho.<\/p><\/div>\n<p style=\"text-align: justify;\"><span id=\"texto\">A Escola de M\u00fasica da Universidade Federal da Bahia est\u00e1 promovendo, com o Sesc, a partir da \u00faltima quinta-feira, a primeira do m\u00eas de setembro, o projeto Di\u00e1logo Sonoro, que segue at\u00e9 outubro, no teatro do Sesc\/Senac do Pelourinho, \u00e0s quartas e quintas-feiras.<\/span><\/p>\n<p style=\"text-align: justify;\">Cada dia, um grupo musical profissional ou de estudantes da Ufba vai se apresentar \u00e0s 20 horas. Como um dos objetivos do projeto \u00e9 formar plat\u00e9ia, os ingressos s\u00e3o vendidos a R 4 (inteira) e R 2 (meia).<\/p>\n<p style=\"text-align: justify;\">Quem abre a programa\u00e7\u00e3o, hoje, \u00e9 o Janela Brasileira, que est\u00e1 comemorando 15 anos de carreira na m\u00fasica instrumental e \u00e9 formado pelos m\u00fasicos Andr\u00e9a Bandeira (flauta e piccolo), Josu\u00e9 Trindade (clarinete), Carlito Chenaud (viol\u00e3o) e Antenor Cardoso (percuss\u00e3o).<\/p>\n<p style=\"text-align: justify;\">Criado em 1993, o grupo traz em seu repert\u00f3rio vers\u00f5es de m\u00fasicas de Moraes Moreira, Carlos Gomes, Baden Powell, Dod\u00f4 e Osmar e Sivuca. O show de hoje, uma homenagem ao frevo, conta com a participa\u00e7\u00e3o de Robson Barreto e de Jorge Sacramento.<\/p>\n<p style=\"text-align: justify;\"><span id=\"texto\">No ano passado, j\u00e1 havia uma tentativa de realizar este projeto, que tinha outro nome, Notas Musicais. Na \u00e9poca, era realizada uma apresenta\u00e7\u00e3o por m\u00eas, de agosto a novembro.<\/span><\/p>\n<p style=\"text-align: justify;\"><span id=\"texto\"><strong>ATRA\u00c7\u00d5ES<\/strong> &#8211; Nesta semana, no dia 10, o Grupo de Percuss\u00e3o da Ufba se apresenta. No ano passado, o conjunto realizou uma grande turn\u00ea em 73 cidades brasileiras.<\/span><\/p>\n<p style=\"text-align: justify;\">No dia seguinte, \u00e9 a vez do Camaraberta, que nasceu da disciplina M\u00fasica de C\u00e2mara, ministrada conjuntamente pela professora \u00c2ngela L\u00fchning e pelo professor Joel Barbosa.<\/p>\n<p style=\"text-align: justify;\">No dia 18, a atra\u00e7\u00e3o \u00e9 Laura Dantas e Quanta, que, al\u00e9m de apresentar can\u00e7\u00f5es pr\u00f3prias, como Mulher de Malandro, faz releituras de cl\u00e1ssicos como Tiro ao \u00c1lvaro e Falsa Baiana.<\/p>\n<p style=\"text-align: justify;\">Nas semanas seguintes, at\u00e9 2 de outubro, subir\u00e3o ao palco do Sesc a F\u00f4lego Vivo Orquestra de Frevo (dia 24), a Orquestra da Ufba (dia 25), o Coral Madrigal da Ufba (1\u00ba de outubro) e Fred Dantas e Filhos, que encerra o projeto no dia 2 do pr\u00f3ximo m\u00eas.<\/p>\n<p style=\"text-align: justify;\">di\u00e1logo sonoro | quartas e quintas, 20h | Teatro Sesc Senac Pelourinho (3324-4520) | R$4,00 (inteira) e R$2,00 (meia)<\/p>\n","protected":false},"excerpt":{"rendered":"<p>Caderno 2 de A Tarde A Escola de M\u00fasica da Universidade Federal da Bahia est\u00e1 promovendo, com o Sesc, a partir da \u00faltima quinta-feira, a primeira do m\u00eas de setembro, o projeto Di\u00e1logo Sonoro, que segue at\u00e9 outubro, no teatro do Sesc\/Senac do Pelourinho, \u00e0s quartas e quintas-feiras. Cada dia, [&hellip;]<\/p>\n","protected":false},"author":2,"featured_media":0,"comment_status":"closed","ping_status":"open","sticky":false,"template":"","format":"standard","meta":{"footnotes":""},"categories":[11,12,9],"tags":[69,71,70],"class_list":["post-152","post","type-post","status-publish","format-standard","hentry","category-01beber","category-01ver","category-01viver","tag-escola-de-musica","tag-sesc-senac-pelourinho","tag-ufba"],"_links":{"self":[{"href":"https:\/\/www.ultimobaile.com\/index.php?rest_route=\/wp\/v2\/posts\/152","targetHints":{"allow":["GET"]}}],"collection":[{"href":"https:\/\/www.ultimobaile.com\/index.php?rest_route=\/wp\/v2\/posts"}],"about":[{"href":"https:\/\/www.ultimobaile.com\/index.php?rest_route=\/wp\/v2\/types\/post"}],"author":[{"embeddable":true,"href":"https:\/\/www.ultimobaile.com\/index.php?rest_route=\/wp\/v2\/users\/2"}],"replies":[{"embeddable":true,"href":"https:\/\/www.ultimobaile.com\/index.php?rest_route=%2Fwp%2Fv2%2Fcomments&post=152"}],"version-history":[{"count":11,"href":"https:\/\/www.ultimobaile.com\/index.php?rest_route=\/wp\/v2\/posts\/152\/revisions"}],"predecessor-version":[{"id":4508,"href":"https:\/\/www.ultimobaile.com\/index.php?rest_route=\/wp\/v2\/posts\/152\/revisions\/4508"}],"wp:attachment":[{"href":"https:\/\/www.ultimobaile.com\/index.php?rest_route=%2Fwp%2Fv2%2Fmedia&parent=152"}],"wp:term":[{"taxonomy":"category","embeddable":true,"href":"https:\/\/www.ultimobaile.com\/index.php?rest_route=%2Fwp%2Fv2%2Fcategories&post=152"},{"taxonomy":"post_tag","embeddable":true,"href":"https:\/\/www.ultimobaile.com\/index.php?rest_route=%2Fwp%2Fv2%2Ftags&post=152"}],"curies":[{"name":"wp","href":"https:\/\/api.w.org\/{rel}","templated":true}]}}