{"id":1474,"date":"2009-08-10T21:50:32","date_gmt":"2009-08-11T00:50:32","guid":{"rendered":"http:\/\/www.ultimobaile.com\/?p=1474"},"modified":"2025-12-24T13:03:38","modified_gmt":"2025-12-24T16:03:38","slug":"mozart-no-carmo","status":"publish","type":"post","link":"https:\/\/www.ultimobaile.com\/?p=1474","title":{"rendered":"Mozart no Carmo"},"content":{"rendered":"<p style=\"text-align: justify;\">A s\u00e9rie <strong>Mozart nas Igrejas<\/strong>, da Orquestra Sinf\u00f4nica da Bahia, este m\u00eas vai ser na <strong>Igreja da Ordem Primeira do Carmo<\/strong>. Ambas as ordens Primeira e Terceira s\u00e3o dois bel\u00edssimos exemplares do (raro) rococ\u00f3 bahiano. Diferente do rococ\u00f3 mineiro (que erroneamente se chama de barroco mineiro), o rococ\u00f3 bahiano n\u00e3o \u00e9 discreto e dan\u00e7ante, mas opulento e c\u00edvico. N\u00e3o \u00e9 um pre\u00e2mbulo do neocl\u00e1ssico &#8211; mas um barroco decadente, e exuberante.<\/p>\n<p style=\"text-align: justify;\">A primeira vez que fui na s\u00e9rie Mozart, ano passado, foi no Carmo. E foi deslumbrante. Espero que isso signifique que o pr\u00f3ximo n\u00famero, de setembro, seja na Casa Pia dos \u00d3rf\u00e3os de S\u00e3o Joaquim (na Cidade Baixa) &#8211; a primeira de todas as edi\u00e7\u00f5es foi l\u00e1, e eu n\u00e3o fui. Arrependo-me at\u00e9 hoje.<\/p>\n<p style=\"text-align: justify;\">Come\u00e7a \u00e0s 20h, e \u00e9 de gra\u00e7a. Como tem sido este ano, tem uma pe\u00e7a do Haydn tardio (aquele que talhou Mozart), uma do Mozart da j\u00f3vem maturidade, e uma de um contempor\u00e2neo de menor porte &#8211; desta vez, n\u00e3o ser\u00e1 um brasileiro.<\/p>\n<p style=\"text-align: justify;\">A Igreja do Carmo ainda tem o charme de ser no &#8220;Pelourinho que deu certo&#8221;, que \u00e9 os arrabaldes entre a Ladeira do Carmo e a Ladeira da \u00c1gua Brusca, que inclui a \u00e1rea da (quase pronta na sua reforma) Igreja do Boqueir\u00e3o e Largo de Santo Ant\u00f4nio Al\u00e9m do Carmo. Aviso: ela \u00e9 bastante menor do que a m\u00e9dia das igrejas que t\u00eam servido de palco para o projeto &#8211; e largamente acess\u00edvel por pedestres que moram nos arrabaldes (diferente da Concei\u00e7\u00e3o, na Cidade Baixa, ou da Bas\u00edlica e de S\u00e3o Francisco). Se j\u00e1 lota em igrejas de grande porte, nesta ent\u00e3o&#8230;! Portanto, chegar meia-hora antes \u00e9 obrigat\u00f3rio pra quem n\u00e3o quiser assistir de p\u00e9.<\/p>\n","protected":false},"excerpt":{"rendered":"<p>A s\u00e9rie Mozart nas Igrejas, da Orquestra Sinf\u00f4nica da Bahia, este m\u00eas vai ser na Igreja da Ordem Primeira do Carmo. Ambas as ordens Primeira e Terceira s\u00e3o dois bel\u00edssimos exemplares do (raro) rococ\u00f3 bahiano. Diferente do rococ\u00f3 mineiro (que erroneamente se chama de barroco mineiro), o rococ\u00f3 bahiano n\u00e3o [&hellip;]<\/p>\n","protected":false},"author":2,"featured_media":0,"comment_status":"closed","ping_status":"open","sticky":false,"template":"","format":"standard","meta":{"footnotes":""},"categories":[12,9],"tags":[930,929,161,162,15],"class_list":["post-1474","post","type-post","status-publish","format-standard","hentry","category-01ver","category-01viver","tag-carmo","tag-mozart-nas-igrejas","tag-orquestra-sinfonica-da-bahia","tag-osba","tag-salvador"],"_links":{"self":[{"href":"https:\/\/www.ultimobaile.com\/index.php?rest_route=\/wp\/v2\/posts\/1474","targetHints":{"allow":["GET"]}}],"collection":[{"href":"https:\/\/www.ultimobaile.com\/index.php?rest_route=\/wp\/v2\/posts"}],"about":[{"href":"https:\/\/www.ultimobaile.com\/index.php?rest_route=\/wp\/v2\/types\/post"}],"author":[{"embeddable":true,"href":"https:\/\/www.ultimobaile.com\/index.php?rest_route=\/wp\/v2\/users\/2"}],"replies":[{"embeddable":true,"href":"https:\/\/www.ultimobaile.com\/index.php?rest_route=%2Fwp%2Fv2%2Fcomments&post=1474"}],"version-history":[{"count":16,"href":"https:\/\/www.ultimobaile.com\/index.php?rest_route=\/wp\/v2\/posts\/1474\/revisions"}],"predecessor-version":[{"id":1480,"href":"https:\/\/www.ultimobaile.com\/index.php?rest_route=\/wp\/v2\/posts\/1474\/revisions\/1480"}],"wp:attachment":[{"href":"https:\/\/www.ultimobaile.com\/index.php?rest_route=%2Fwp%2Fv2%2Fmedia&parent=1474"}],"wp:term":[{"taxonomy":"category","embeddable":true,"href":"https:\/\/www.ultimobaile.com\/index.php?rest_route=%2Fwp%2Fv2%2Fcategories&post=1474"},{"taxonomy":"post_tag","embeddable":true,"href":"https:\/\/www.ultimobaile.com\/index.php?rest_route=%2Fwp%2Fv2%2Ftags&post=1474"}],"curies":[{"name":"wp","href":"https:\/\/api.w.org\/{rel}","templated":true}]}}