{"id":1458,"date":"2009-08-07T13:10:55","date_gmt":"2009-08-07T16:10:55","guid":{"rendered":"http:\/\/www.ultimobaile.com\/?p=1458"},"modified":"2025-12-24T13:03:38","modified_gmt":"2025-12-24T16:03:38","slug":"a-greve-que-nao-houve","status":"publish","type":"post","link":"https:\/\/www.ultimobaile.com\/?p=1458","title":{"rendered":"A greve que n\u00e3o houve"},"content":{"rendered":"<p style=\"text-align: justify;\">Ontem a m\u00eddia bahiana passou o dia a anunciar uma &#8220;greve da Pol\u00edcia Militar&#8221;, para o in\u00edcio da noite &#8211; greve constantemente negada pela pr\u00f3pria PM, que insistia ser um movimento entitulado &#8220;Pol\u00edcia Legal&#8221;, que dizia saber que Militares n\u00e3o podem fazer greve, e que seria portanto apenas uma opera\u00e7\u00e3o padr\u00e3o.<\/p>\n<p style=\"text-align: justify;\">Quem melhor informou sobre isso ontem foi o <a href=\"http:\/\/blogdoriovermelho.blogspot.com\/2009\/08\/situacao-complicada.html\" target=\"_blank\">Blog do Rio Vermelho<\/a> &#8211; que merece, por isso, louros de imparcialidade.<\/p>\n<p style=\"text-align: justify;\">A quest\u00e3o que fica \u00e9: <a href=\"http:\/\/www.comunicacao.ba.gov.br\/radio\/2009\/08\/06\/governador-garante-manutencao-da-ordem-no-estado.mp3-1\" target=\"_blank\">o Governador afirma que n\u00e3o tolerar\u00e1 motim, que por outro lado est\u00e1 negociando, e que entende a legitimidade de uma opera\u00e7\u00e3o padr\u00e3o<\/a> (em mais um discurso, diga-se de passagem, que deveria ser modelo de civismo para o resto do pa\u00eds); <a href=\"http:\/\/www.comunicacao.ba.gov.br\/noticias\/2009\/08\/06\/comando-geral-da-pm-garante-estabilidade-da-ordem-em-salvador\" target=\"_blank\">o alto comando da PM diz o mesmo<\/a>, e garante que se necess\u00e1rio for a For\u00e7a Nacional de Seguran\u00e7a j\u00e1 est\u00e1 avisada; a Pol\u00edcia Civil diz que, diferentemente de 2001 (no Governo C\u00e9sar Borges), est\u00e1 bem equipada e pode dar conta de parte da seguran\u00e7a do estado, se necess\u00e1rio for, e que nem pensa em aderir a uma suposta greve.<\/p>\n<p style=\"text-align: justify;\">Mas, a m\u00eddia, continua disseminando p\u00e2nico. Note-se que mesmo um geddelista como <a href=\"http:\/\/www.bahianoticias.com.br\/noticias\/noticia\/2009\/08\/06\/45028,pms-dizem-que-nenhum-movimento-acontecera-hoje.html\" target=\"_blank\">Samuel Celestino<\/a> informou corretamente que haveria necas de greve.<\/p>\n<p style=\"text-align: justify;\">O <a href=\"http:\/\/www.bahianoticias.com.br\/noticias\/noticia\/2009\/08\/07\/45044,tadeu-fala-que-nao-havera-greve-da-pm.html\" target=\"_blank\">Deputado Estadual Capit\u00e3o Tadeu<\/a> (PSB), membro da corpora\u00e7\u00e3o e seu representante legislativo mais dileto, disse o mesmo.<\/p>\n<p style=\"text-align: justify;\">A quem interessa, ent\u00e3o, disseminar o p\u00e2nico? \u00c0 m\u00eddia, carlista, \u00e9 evidente &#8211; e tamb\u00e9m ao <a href=\"http:\/\/www.bahianoticias.com.br\/noticias\/noticia\/2009\/08\/07\/45039,governo-ficou-p-da-vida-com-joao-henrique.html\" target=\"_blank\">Prefeito Jo\u00e3o Henrique Carneiro<\/a> (PMBD).<\/p>\n<p style=\"text-align: justify;\">E o que est\u00e1 em jogo no atual movimento da PM Bahiana? Tenho algumas hip\u00f3teses:<\/p>\n<ul style=\"text-align: justify;\">\n<li>Acabamos de sair de um regime militar &#8211; que previlegiava o ex\u00e9rcito estadual, que \u00e9 a PM, e desmantelava a pol\u00edcia investigativa, que \u00e9 a Civil, j\u00e1 que o carlismo n\u00e3o tinha interesse de que se investigasse nada. \u00c9 natural portanto que as for\u00e7as militares sintam perdas e reinvindiquem &#8211; n\u00e3o obstante serem a categoria que mais aumentos teve nos \u00faltimos tr\u00eas anos: 19% ao todo. Apenas o deste ano foi menor;<\/li>\n<li>A Pol\u00edcia Civil, rec\u00e9m-reequipada, tem cumprido fun\u00e7\u00e3o similar a da Pol\u00edcia Federal no primeiro Governo Lula, com a\u00e7\u00f5es de intelig\u00eancia org\u00e2nicas e eficazes. Isto cuminou na <a href=\"http:\/\/www.mafiadolixo.com\/2009\/03\/%E2%80%98operacao-nemesis%E2%80%99-prende-executivos-da-empresa-julio-simoes-lobistas-e-representantes-do-alto-escalao-da-policia-militar-da-bahia\/\" target=\"_blank\">Opera\u00e7\u00e3o N\u00eamesis<\/a>, que atingiu a Pol\u00edcia Militar no f\u00edgado. De l\u00e1 pr\u00e1 c\u00e1 h\u00e1 rivalidades entre as duas for\u00e7as. Note-se como o movimento de agora \u00e9 logo depois do epis\u00f3dio em que um <a href=\"http:\/\/politicaecidadania.atarde.com.br\/?p=3447\" target=\"_blank\">PM baleou um perito (n\u00e3o policial, portanto) da Civil<\/a>;<\/li>\n<li>No que a direita v\u00ea um problema &#8211; esta crise inter-institucional policial &#8211; vejo uma vantagem. As contradi\u00e7\u00f5es est\u00e3o expostas, e isso \u00e9 sinal de reajuste das fun\u00e7\u00f5es e atividades das duas pol\u00edcias. Que teve bons resultados como a <a href=\"https:\/\/www.ultimobaile.com\/?p=874\" target=\"_blank\">melhoria dos n\u00fameros de viol\u00eancia do Carnaval<\/a>. A situa\u00e7\u00e3o \u00e9 similar a dos Operadores de Tr\u00e1fego A\u00e9reo em 2007 &#8211; <a href=\"https:\/\/www.ultimobaile.com\/?p=332\" target=\"_blank\">s\u00f3 que Wagner n\u00e3o \u00e9 um indeciso como Waldyr, nem um pusil\u00e2nime feito Lula<\/a>.<\/li>\n<\/ul>\n<p>E \u00e9 preciso levar em considera\u00e7\u00e3o algumas situa\u00e7\u00f5es d\u00edspares a de 2001, no des-governo C\u00e9sar Borges:<\/p>\n<ul style=\"text-align: justify;\">\n<li>A greve da PM em 2001 veio numa sequ\u00eancia de desastres na Secretaria de Seguran\u00e7a P\u00fablica, que incluia esc\u00e2ndalo de grampos telef\u00f4nicos ilegais, um enfraquecimento da Pol\u00edcia Civil (com a total inexist\u00eancia de concursos p\u00fablicos inclusive, enquanto estes eram rotineiros para a PM), e com o espancamento de estudantes no Campus da Gra\u00e7a, da Universidade Federal da Bahia, o que levou ao ent\u00e3o reitor, Heonir Pereira de Jesus Rocha, PFL hist\u00f3rico e amigo \u00edntimo de ACM, a romper com o pr\u00f3prio em nome da institui\u00e7\u00e3o UFBA;<\/li>\n<li>C\u00e9sar Borges era um governador que nem sabia negociar, nem sabia ter pulso. Diferente e muito de um Wagner, que fala firme e negocia; ou de um Paulo Souto, \u00eddem embora em menor escala;<\/li>\n<li>O custo do Governo C\u00e9sar Borges foi alto tamb\u00e9m para a PM. De l\u00e1 pra c\u00e1, a institui\u00e7\u00e3o tem recuperado sua reputa\u00e7\u00e3o junto a popula\u00e7\u00e3o. Um movimento ilegal, agora, seria jogar estas conquistas por \u00e1gua abaixo &#8211; sem, necessariamente, aumentar a rejei\u00e7\u00e3o ao governo atual. Eis algo que a PM claramente n\u00e3o quer fazer &#8211; tanto que entitula seu manifesto de &#8220;Pol\u00edcia Legal&#8221;. No que &#8211; embora isso em nada pese &#8211; tem apoio deste blog;<\/li>\n<li>O j\u00f3vem oficialato da PM dos \u00faltimos dois concursos s\u00e3o j\u00f3vens universit\u00e1rios, em geral anti-carlistas e razoavelmente cultos. Diferente dos concurso anteriores (e isso \u00e9 m\u00e9rito de Paulo Souto &#8211; importante \u00e9 que se diga). O alto oficialato carlista ruiu com a N\u00eamesis. Portanto, a PM atual \u00e9 mais reflexiva e cr\u00edtica, e menos aventureira.<\/li>\n<\/ul>\n<p style=\"text-align: justify;\">Eis minha contribui\u00e7\u00e3o para amenizar mais este p\u00e2nico midi\u00e1tico. J\u00e1 basta o falat\u00f3rio m\u00f3rbido sobre uma epidemia que n\u00e3o existe, a dita &#8220;Gripe Su\u00edna&#8221; (que na Bahia j\u00e1 tem ganhado o apelido de &#8220;T\u00f4 com Geddel&#8221;: por causa de seu cognome escolar, Su\u00edno, e porque \u00e9 algo que todo mundo diz que tem &#8211; mas na hora H, era s\u00f3 resfriado mesmo).<\/p>\n","protected":false},"excerpt":{"rendered":"<p>Ontem a m\u00eddia bahiana passou o dia a anunciar uma &#8220;greve da Pol\u00edcia Militar&#8221;, para o in\u00edcio da noite &#8211; greve constantemente negada pela pr\u00f3pria PM, que insistia ser um movimento entitulado &#8220;Pol\u00edcia Legal&#8221;, que dizia saber que Militares n\u00e3o podem fazer greve, e que seria portanto apenas uma opera\u00e7\u00e3o [&hellip;]<\/p>\n","protected":false},"author":2,"featured_media":0,"comment_status":"closed","ping_status":"open","sticky":false,"template":"","format":"standard","meta":{"footnotes":""},"categories":[9],"tags":[20,924,140,926,925,923,529,15],"class_list":["post-1458","post","type-post","status-publish","format-standard","hentry","category-01viver","tag-bahia","tag-greve","tag-jaques-wagner","tag-movimento-policia-legal","tag-operacao-padrao","tag-pm","tag-policia-militar","tag-salvador"],"_links":{"self":[{"href":"https:\/\/www.ultimobaile.com\/index.php?rest_route=\/wp\/v2\/posts\/1458","targetHints":{"allow":["GET"]}}],"collection":[{"href":"https:\/\/www.ultimobaile.com\/index.php?rest_route=\/wp\/v2\/posts"}],"about":[{"href":"https:\/\/www.ultimobaile.com\/index.php?rest_route=\/wp\/v2\/types\/post"}],"author":[{"embeddable":true,"href":"https:\/\/www.ultimobaile.com\/index.php?rest_route=\/wp\/v2\/users\/2"}],"replies":[{"embeddable":true,"href":"https:\/\/www.ultimobaile.com\/index.php?rest_route=%2Fwp%2Fv2%2Fcomments&post=1458"}],"version-history":[{"count":4,"href":"https:\/\/www.ultimobaile.com\/index.php?rest_route=\/wp\/v2\/posts\/1458\/revisions"}],"predecessor-version":[{"id":4353,"href":"https:\/\/www.ultimobaile.com\/index.php?rest_route=\/wp\/v2\/posts\/1458\/revisions\/4353"}],"wp:attachment":[{"href":"https:\/\/www.ultimobaile.com\/index.php?rest_route=%2Fwp%2Fv2%2Fmedia&parent=1458"}],"wp:term":[{"taxonomy":"category","embeddable":true,"href":"https:\/\/www.ultimobaile.com\/index.php?rest_route=%2Fwp%2Fv2%2Fcategories&post=1458"},{"taxonomy":"post_tag","embeddable":true,"href":"https:\/\/www.ultimobaile.com\/index.php?rest_route=%2Fwp%2Fv2%2Ftags&post=1458"}],"curies":[{"name":"wp","href":"https:\/\/api.w.org\/{rel}","templated":true}]}}