{"id":1434,"date":"2009-08-04T06:47:35","date_gmt":"2009-08-04T09:47:35","guid":{"rendered":"http:\/\/www.ultimobaile.com\/?p=1434"},"modified":"2025-12-24T13:03:39","modified_gmt":"2025-12-24T16:03:39","slug":"mea-culpa-i","status":"publish","type":"post","link":"https:\/\/www.ultimobaile.com\/?p=1434","title":{"rendered":"Mea culpa &#8211; I"},"content":{"rendered":"<p style=\"text-align: right;\"><strong><em>para Marcus S\u00e1<\/em><\/strong><\/p>\n<p style=\"text-align: justify;\"><a href=\"https:\/\/www.ultimobaile.com\/?p=1400\" target=\"_blank\">Alguns leitores reclamaram<\/a>, por ocasi\u00e3o do in\u00edcio das &#8220;comemora\u00e7\u00f5es&#8221; de um ano deste blog, de que eu estava menos &#8220;genial&#8221; e mais &#8220;arrogante&#8221; &#8211; o que muito me admirou e consternou.<\/p>\n<p style=\"text-align: justify;\">O consternamento \u00e9 que, por um lado, nunca me considerei mais do que correto, com alguns momentos brilhantes (no sentido de ter bons <em>insights<\/em>) &#8211; e com uma sorte danada, de nascen\u00e7a; e que, por outro lado, sempre achei que estivesse claro um certo grau de pedantismo meu, desde o t\u00edtulo deste espa\u00e7o, em clara refer\u00eancia a personagens aristocr\u00e1ticos de Marcel Proust.<\/p>\n<p style=\"text-align: justify;\">H\u00e1, evidentemente, uma distin\u00e7\u00e3o entre pedantismo e arrog\u00e2ncia. Que eu sou pedante (e no dizer do <a href=\"http:\/\/www.estantevirtual.com.br\/buscaporautor\/Gabriel%20Menotti%20Gonring\" target=\"_blank\">poeta capixaba Gabriel Menotti Gonring<\/a>, \u00e9 melhor ser pedante do que ser did\u00e1tico), assumo; arrogante \u00e9 tudo que, por outro lado, evito ser. Como disse acima: sei que todo saber vem do Outro &#8211; somos no m\u00e1ximo a via, o cavalo-de-egun pelo qual se manifesta.<\/p>\n<p style=\"text-align: justify;\">N\u00e3o obstante, concordo que a <a href=\"https:\/\/www.ultimobaile.com\/?p=1368\" target=\"_blank\">reprimenda p\u00fablica a um coment\u00e1rio grosseiro aqui postado foi excessiva<\/a> &#8211; em m\u00e9todos e intensidade, mas n\u00e3o em causa ou em princ\u00edpios. Eu pr\u00f3prio, desde ent\u00e3o, n\u00e3o estava confort\u00e1vel com o modo\u00a0com que eu agi.<\/p>\n<p style=\"text-align: justify;\">N\u00e3o obstante,\u00a0insisto que parte da tarefa de manter um blog passa por exercer uma certa pedagogia democr\u00e1tica, pela pedra <strong>(pedagogia de m\u00e3o-dupla, e que, neste momento por exemplo, s\u00e3o os leitores que a exercem sobre mim)<\/strong>. <a href=\"http:\/\/www.projetobr.com.br\/web\/blog?entryId=6712\" target=\"_blank\">Eu mesmo j\u00e1 fui alvo dela<\/a>, por exemplo, no blog do Lu\u00eds Nassif &#8211; com muito mais brandura, \u00e9 verdade, mas por muito menos motivos.\u00a0\u00c9, como disse, o pre\u00e7o do exerc\u00edcio da liberdade: de quem escreve e de quem l\u00ea, de quem mant\u00e9m e de quem comenta, j\u00e1 que somos todos <em>prossumers<\/em>, nesta Era Digital.<\/p>\n<p style=\"text-align: justify;\">O que posso dizer \u00e9 que ficarei atento, e mais parcimonioso. E que aceito de bom grado estas e outras cr\u00edticas que surjam. Blogs s\u00e3o sempre <em>work-in-progress<\/em>, com direito a erros e retifica\u00e7\u00f5es de parte a parte. Blogs n\u00e3o se fazem escrevendo, mas re-escrevendo.<\/p>\n<p style=\"text-align: justify;\">De resto, a espontaneidade minha continuar\u00e1 sempre.\u00a0Desde que\u00a0s\u00f3 mantenho esse tro\u00e7o aqui porque me d\u00e1 enorme prazer. E um prazer que n\u00e3o \u00e9 exatamente narc\u00edsico, visto que a internet colaborativa \u00e9 fundamentalmente generosa &#8211; n\u00e3o no sentido da caridade, mas no sentido da <a href=\"http:\/\/pt.wikipedia.org\/wiki\/Economia_do_dom\" target=\"_blank\">d\u00e1diva de Marcel Mauss<\/a>.<\/p>\n<p style=\"text-align: justify;\">E este di\u00e1logo (que travo agora, por exemplo, reconhecendo um erro meu a partir de uma cr\u00edtica contundente de leitores a mim) tem me ensinado a, subjetivamente, ser mais dadivoso. E creio n\u00e3o ser eu o \u00fanico a (re-)aprend\u00ea-lo. A internet talvez seja, sobretudo, uma tecnologia-do-eu.<\/p>\n","protected":false},"excerpt":{"rendered":"<p>para Marcus S\u00e1 Alguns leitores reclamaram, por ocasi\u00e3o do in\u00edcio das &#8220;comemora\u00e7\u00f5es&#8221; de um ano deste blog, de que eu estava menos &#8220;genial&#8221; e mais &#8220;arrogante&#8221; &#8211; o que muito me admirou e consternou. O consternamento \u00e9 que, por um lado, nunca me considerei mais do que correto, com alguns [&hellip;]<\/p>\n","protected":false},"author":2,"featured_media":0,"comment_status":"closed","ping_status":"open","sticky":false,"template":"","format":"standard","meta":{"footnotes":""},"categories":[13,9],"tags":[20,916,917,915,912,913,863,918,914,910,30,911,15],"class_list":["post-1434","post","type-post","status-publish","format-standard","hentry","category-01ler","category-01viver","tag-bahia","tag-colaborativo","tag-dadiva","tag-educacao-pela-pedra","tag-erramos","tag-errata","tag-febeapa","tag-marcel-mauss","tag-marcos-sa","tag-mea-culpa","tag-musica-brasileira","tag-retificacao","tag-salvador"],"_links":{"self":[{"href":"https:\/\/www.ultimobaile.com\/index.php?rest_route=\/wp\/v2\/posts\/1434","targetHints":{"allow":["GET"]}}],"collection":[{"href":"https:\/\/www.ultimobaile.com\/index.php?rest_route=\/wp\/v2\/posts"}],"about":[{"href":"https:\/\/www.ultimobaile.com\/index.php?rest_route=\/wp\/v2\/types\/post"}],"author":[{"embeddable":true,"href":"https:\/\/www.ultimobaile.com\/index.php?rest_route=\/wp\/v2\/users\/2"}],"replies":[{"embeddable":true,"href":"https:\/\/www.ultimobaile.com\/index.php?rest_route=%2Fwp%2Fv2%2Fcomments&post=1434"}],"version-history":[{"count":7,"href":"https:\/\/www.ultimobaile.com\/index.php?rest_route=\/wp\/v2\/posts\/1434\/revisions"}],"predecessor-version":[{"id":1444,"href":"https:\/\/www.ultimobaile.com\/index.php?rest_route=\/wp\/v2\/posts\/1434\/revisions\/1444"}],"wp:attachment":[{"href":"https:\/\/www.ultimobaile.com\/index.php?rest_route=%2Fwp%2Fv2%2Fmedia&parent=1434"}],"wp:term":[{"taxonomy":"category","embeddable":true,"href":"https:\/\/www.ultimobaile.com\/index.php?rest_route=%2Fwp%2Fv2%2Fcategories&post=1434"},{"taxonomy":"post_tag","embeddable":true,"href":"https:\/\/www.ultimobaile.com\/index.php?rest_route=%2Fwp%2Fv2%2Ftags&post=1434"}],"curies":[{"name":"wp","href":"https:\/\/api.w.org\/{rel}","templated":true}]}}