{"id":1400,"date":"2009-08-01T12:53:40","date_gmt":"2009-08-01T15:53:40","guid":{"rendered":"http:\/\/www.ultimobaile.com\/?p=1400"},"modified":"2025-12-24T13:03:39","modified_gmt":"2025-12-24T16:03:39","slug":"os-proximos-bailes-dos-guermantes","status":"publish","type":"post","link":"https:\/\/www.ultimobaile.com\/?p=1400","title":{"rendered":"Os Pr\u00f3ximos Bailes dos Guermantes"},"content":{"rendered":"<p style=\"text-align: justify;\">Este m\u00eas esta budega faz anos (l\u00e1 ele!). Um ano pra ser exato. Quando come\u00e7ou, era um di\u00e1rio de viagem. Hoje, dialoga com artistas importantes, gestores p\u00fablicos, e faz uma an\u00e1lise pol\u00edtica elogiada. Era pra meia d\u00fazia de amigos &#8211; hoje bate mais de cem visitas di\u00e1rias, todo dia, f\u00e1cil. Fora os feeds.<\/p>\n<p style=\"text-align: justify;\">Assim, ele vai ganhar nova dimens\u00e3o de novo.<\/p>\n<p style=\"text-align: justify;\">Primeiramente, a cria\u00e7\u00e3o de uma nova aba, <strong>Concursos &amp; Pr\u00eamios Liter\u00e1rios<\/strong>, em que vou divulgar todo m\u00eas quais os concursos daquele per\u00edodo que valem a pena. Ela ser\u00e1 o embri\u00e3o para que o <em>\u00daltimo Baile<\/em> lance um concurso pr\u00f3prio, quando fizer dois anos, s\u00f3 de literatura pornogr\u00e1fica e poemas em formas cl\u00e1ssicas (soneto, ode, ecl\u00f3gas, redondilhas). Podem cobrar isso em 2010.<\/p>\n<p style=\"text-align: justify;\">Ainda, este blog contribuir\u00e1 ao longo do pr\u00f3ximo m\u00eas com o blog <a href=\"http:\/\/blog.ta.org.br\/\" target=\"_blank\">Transporte Ativo<\/a>, com uma s\u00e9rie de ensaios sobre uso de bicicleta como transporte urbano em Salvador &#8211; que tem possibilidades (e j\u00e1 existe) e impossibilidades (e \u00e9 invis\u00edvel). Esperamos que a parceria se repita rotineiramente.<\/p>\n<p style=\"text-align: justify;\">Por fim, uma s\u00e9rie sobre se o formato-can\u00e7\u00e3o morreu ou n\u00e3o. Ser\u00e3o quatro entrevistas com j\u00f3vens compositores bahianos de can\u00e7\u00e3o, e um ensaio de um convidado sobre estas quatro entrevistas &#8211; que ali\u00e1s j\u00e1 est\u00e3o prontas.<\/p>\n<p style=\"text-align: justify;\">Come\u00e7a a sair a partir do meio deste m\u00eas, uma vez por m\u00eas. At\u00e9 dezembro, portanto. <a href=\"http:\/\/colunistas.ig.com.br\/luisnassif\/2009\/08\/01\/a-volta-da-cancao\/\" target=\"_blank\">Lu\u00eds Nassif se interessou em republicar a s\u00e9rie no seu espa\u00e7o virtual<\/a>, o que muito me orgulha e compraz. Conforme for, a s\u00e9rie se repetir\u00e1 ano que vem, desta feita com compositores de can\u00e7\u00e3o de outros estados do pa\u00eds.<\/p>\n<p style=\"text-align: justify;\">Al\u00e9m disso, estamos trabalhando em mecanismos para tornar o blog mais operacionaliz\u00e1vel para os leitores &#8211; especialmente no tocante a agenda cultural.<\/p>\n<p style=\"text-align: justify;\">Meu agradecimento especial aos meus an\u00f4nimos, desconhecidos, leitores que me acompanham em feed. Aos que conheci por aqui, e se tornaram convivas, amigos, virtuais comparsas.<\/p>\n<p style=\"text-align: justify;\">Aproveito para dizer que, como servidor p\u00fablico estadual, concorro com os <em>Guermantes<\/em> ao <a href=\"http:\/\/www.portaldoservidor.ba.gov.br\/premio_servidor_2009.asp\" target=\"_blank\">Pr\u00eamio Servidor Cidad\u00e3o<\/a>. Se ganhar, vai ser uma xibietagem s\u00f3!<\/p>\n","protected":false},"excerpt":{"rendered":"<p>Este m\u00eas esta budega faz anos (l\u00e1 ele!). Um ano pra ser exato. Quando come\u00e7ou, era um di\u00e1rio de viagem. Hoje, dialoga com artistas importantes, gestores p\u00fablicos, e faz uma an\u00e1lise pol\u00edtica elogiada. Era pra meia d\u00fazia de amigos &#8211; hoje bate mais de cem visitas di\u00e1rias, todo dia, f\u00e1cil. [&hellip;]<\/p>\n","protected":false},"author":2,"featured_media":0,"comment_status":"closed","ping_status":"open","sticky":false,"template":"","format":"standard","meta":{"footnotes":""},"categories":[11,10,890,13,12,9],"tags":[885,20,889,285,883,884,888,886,15,887],"class_list":["post-1400","post","type-post","status-publish","format-standard","hentry","category-01beber","category-01comer","category-concursos-premios-literarios","category-01ler","category-01ver","category-01viver","tag-aniversario","tag-bahia","tag-bicicleta","tag-brasil","tag-cancao","tag-concurso-literario","tag-mobilidade-urbana","tag-premio-servidor-cidadao","tag-salvador","tag-transporte-ativo"],"_links":{"self":[{"href":"https:\/\/www.ultimobaile.com\/index.php?rest_route=\/wp\/v2\/posts\/1400","targetHints":{"allow":["GET"]}}],"collection":[{"href":"https:\/\/www.ultimobaile.com\/index.php?rest_route=\/wp\/v2\/posts"}],"about":[{"href":"https:\/\/www.ultimobaile.com\/index.php?rest_route=\/wp\/v2\/types\/post"}],"author":[{"embeddable":true,"href":"https:\/\/www.ultimobaile.com\/index.php?rest_route=\/wp\/v2\/users\/2"}],"replies":[{"embeddable":true,"href":"https:\/\/www.ultimobaile.com\/index.php?rest_route=%2Fwp%2Fv2%2Fcomments&post=1400"}],"version-history":[{"count":7,"href":"https:\/\/www.ultimobaile.com\/index.php?rest_route=\/wp\/v2\/posts\/1400\/revisions"}],"predecessor-version":[{"id":4356,"href":"https:\/\/www.ultimobaile.com\/index.php?rest_route=\/wp\/v2\/posts\/1400\/revisions\/4356"}],"wp:attachment":[{"href":"https:\/\/www.ultimobaile.com\/index.php?rest_route=%2Fwp%2Fv2%2Fmedia&parent=1400"}],"wp:term":[{"taxonomy":"category","embeddable":true,"href":"https:\/\/www.ultimobaile.com\/index.php?rest_route=%2Fwp%2Fv2%2Fcategories&post=1400"},{"taxonomy":"post_tag","embeddable":true,"href":"https:\/\/www.ultimobaile.com\/index.php?rest_route=%2Fwp%2Fv2%2Ftags&post=1400"}],"curies":[{"name":"wp","href":"https:\/\/api.w.org\/{rel}","templated":true}]}}