{"id":1392,"date":"2009-07-29T10:12:44","date_gmt":"2009-07-29T13:12:44","guid":{"rendered":"http:\/\/www.ultimobaile.com\/?p=1392"},"modified":"2025-12-24T13:03:39","modified_gmt":"2025-12-24T16:03:39","slug":"o-ex-carlismo-nefelibata-iii","status":"publish","type":"post","link":"https:\/\/www.ultimobaile.com\/?p=1392","title":{"rendered":"O ex-carlismo nefelibata &#8211; III"},"content":{"rendered":"<p>Da <a href=\"http:\/\/www.comunicacao.ba.gov.br\/noticias\/2009\/07\/28\/gestao-baiana-e-destaque-no-brasil-competitivo\" target=\"_blank\">Ag\u00eancia de Comunica\u00e7\u00e3o do Estado da Bahia<\/a>:<\/p>\n<blockquote>\n<h3>Gest\u00e3o baiana \u00e9 destaque no congresso Brasil Competitivo<\/h3>\n<p style=\"text-align: justify;\">A Bahia economizou R$ 362,8 milh\u00f5es desde 2007 com medidas de combate ao desperd\u00edcio e de qualifica\u00e7\u00e3o dos gastos do governo. Com n\u00fameros e detalhes dos novos procedimentos adotados em sua gest\u00e3o, o governador Jaques Wagner participa, nesta ter\u00e7a-feira (28), em Bras\u00edlia (DF), do 7\u00ba Congresso Internacional Brasil Competitivo com o tema \u201cGest\u00e3o P\u00fablica\u201d. O governador baiano apresenta, a partir das 14h, a experi\u00eancia do governo do estado no painel \u201cIniciativas para melhoria da gest\u00e3o p\u00fablica \u2013 casos de sucesso\u201d.<\/p>\n<\/blockquote>\n<p style=\"text-align: justify;\">Pese-se que fazer economia na contrata\u00e7\u00e3o de servi\u00e7os-meio pelo estado, depois do carlismo, \u00e9 mais f\u00e1cil do que fazer doce-de-puta (que \u00e9 o doce de banana c\u00e1 do Rec\u00f4ncavo: joga banana e a\u00e7\u00facar na panela, p\u00f5e no fogo, e vai pra janela ver a vida alheia). As rela\u00e7\u00f5es p\u00fablico-privadas antes eram t\u00e3o escabrosas, que qualquer melhoria pareceria grande.<\/p>\n<p style=\"text-align: justify;\">Por outro lado, o que se diz do Governo Paulo Souto \u00e9 que iniciou esta melhora. Iniciou de fato, timidamente, e talvez tolhida n\u00e3o por si, mas pelo lastro ideol\u00f3gico que o sustentava &#8211; ainda que ele se opusesse a tal lastro e tenha feito o favor de come\u00e7ar a desconstru\u00ed-lo. Fato pelo qual creio que somos todos imensamente gratos.<\/p>\n<p style=\"text-align: justify;\">A coisa \u00e9 que depois da <a href=\"https:\/\/www.ultimobaile.com\/?p=1378\" target=\"_blank\">Veja<\/a> e do <a href=\"https:\/\/www.ultimobaile.com\/?p=1350\" target=\"_blank\">Estad\u00e3o<\/a>, \u00e9 o alto empresariado brasileiro, obviamente \u00e0 direita, que elogia o governo atual.<\/p>\n<p style=\"text-align: justify;\">Temo pelo PFL bahiano, que se encontra numa posi\u00e7\u00e3o peculiar: tem um candidato forte, com baixa rejei\u00e7\u00e3o, moderno e sem revanchismos: Paulo Souto; mas o pr\u00f3prio PFL tem um discurso caduco, que nega a realidade, e que por isso entra em conflito com o de Paulo Souto e dificilmente o sustentar\u00e1 &#8211; n\u00e3o pelas vias que o reconduziriam ao poder. \u00a0Tudo de que Paulo Souto precisaria pra se eleger \u00e9 se livrar dos Heraldos Rocha e dos Grampinhos (vulgo ACM, O Neto) da vida &#8211; \u00e9 tudo que ele n\u00e3o vai ter. E da\u00ed que sua suposta migra\u00e7\u00e3o para o PSDB poderia fazer sentido.<\/p>\n","protected":false},"excerpt":{"rendered":"<p>Da Ag\u00eancia de Comunica\u00e7\u00e3o do Estado da Bahia: Gest\u00e3o baiana \u00e9 destaque no congresso Brasil Competitivo A Bahia economizou R$ 362,8 milh\u00f5es desde 2007 com medidas de combate ao desperd\u00edcio e de qualifica\u00e7\u00e3o dos gastos do governo. Com n\u00fameros e detalhes dos novos procedimentos adotados em sua gest\u00e3o, o governador [&hellip;]<\/p>\n","protected":false},"author":2,"featured_media":0,"comment_status":"closed","ping_status":"open","sticky":false,"template":"","format":"standard","meta":{"footnotes":""},"categories":[9],"tags":[20,880,85,881,140,278,123,15],"class_list":["post-1392","post","type-post","status-publish","format-standard","hentry","category-01viver","tag-bahia","tag-brasil-competitivo","tag-carlismo","tag-gestao-publica","tag-jaques-wagner","tag-paulo-souto","tag-pfl","tag-salvador"],"_links":{"self":[{"href":"https:\/\/www.ultimobaile.com\/index.php?rest_route=\/wp\/v2\/posts\/1392","targetHints":{"allow":["GET"]}}],"collection":[{"href":"https:\/\/www.ultimobaile.com\/index.php?rest_route=\/wp\/v2\/posts"}],"about":[{"href":"https:\/\/www.ultimobaile.com\/index.php?rest_route=\/wp\/v2\/types\/post"}],"author":[{"embeddable":true,"href":"https:\/\/www.ultimobaile.com\/index.php?rest_route=\/wp\/v2\/users\/2"}],"replies":[{"embeddable":true,"href":"https:\/\/www.ultimobaile.com\/index.php?rest_route=%2Fwp%2Fv2%2Fcomments&post=1392"}],"version-history":[{"count":2,"href":"https:\/\/www.ultimobaile.com\/index.php?rest_route=\/wp\/v2\/posts\/1392\/revisions"}],"predecessor-version":[{"id":4358,"href":"https:\/\/www.ultimobaile.com\/index.php?rest_route=\/wp\/v2\/posts\/1392\/revisions\/4358"}],"wp:attachment":[{"href":"https:\/\/www.ultimobaile.com\/index.php?rest_route=%2Fwp%2Fv2%2Fmedia&parent=1392"}],"wp:term":[{"taxonomy":"category","embeddable":true,"href":"https:\/\/www.ultimobaile.com\/index.php?rest_route=%2Fwp%2Fv2%2Fcategories&post=1392"},{"taxonomy":"post_tag","embeddable":true,"href":"https:\/\/www.ultimobaile.com\/index.php?rest_route=%2Fwp%2Fv2%2Ftags&post=1392"}],"curies":[{"name":"wp","href":"https:\/\/api.w.org\/{rel}","templated":true}]}}