{"id":1350,"date":"2009-07-22T15:12:31","date_gmt":"2009-07-22T18:12:31","guid":{"rendered":"http:\/\/www.ultimobaile.com\/?p=1350"},"modified":"2025-12-24T13:03:39","modified_gmt":"2025-12-24T16:03:39","slug":"o-ex-carlismo-nefelibata","status":"publish","type":"post","link":"https:\/\/www.ultimobaile.com\/?p=1350","title":{"rendered":"O ex-carlismo nefelibata &#8211; I"},"content":{"rendered":"<p style=\"text-align: justify;\">O <a href=\"http:\/\/www.alagoinhasnoticias.com.br\/na-bahia\/1213-estadao-diz-que-negros-americanos-impulsionam-turismo-na-bahia.html\" target=\"_blank\">Estad\u00e3o<\/a>, aquele jornal que t\u00e3o de direita suicidou Vargas e chama o Golpe de Revolu\u00e7\u00e3o at\u00e9 hoje, deu reportagem de pagina inteira mostrando como as a\u00e7\u00f5es diplom\u00e1ticas do atual Governador da Bahia impulsionaram o turismo do estado como um foguete, tirando da centralidade geogr\u00e1fica (Salvador) e da sazonalidade (Ver\u00e3o).<\/p>\n<p style=\"text-align: justify;\">Os n\u00fameros do jornal\u00e3o quatrocent\u00e3o apontam por exemplo um incremento de 333% (sim, leitor, trezentos-e-trinta-e-tr\u00eas-porcento. N\u00e3o \u00e9 erro de digita\u00e7\u00e3o nem voc\u00ea est\u00e1 vesgo) no n\u00famero de turistas americanos, mormente negros. Fruto principalmente da rela\u00e7\u00e3o que Jaques Wagner logo estabeleceu com Condolizza Rice &#8211; criticada pela esquerda sulestina, e olhada com inveja pela pernambucana, como sendo supostamente subserviente e a-ideol\u00f3gica.<\/p>\n<p style=\"text-align: justify;\">Como se v\u00ea, n\u00e3o foi uma coisa nem outra.<\/p>\n<p style=\"text-align: justify;\">A\u00ed ligo ontem a televis\u00e3o no Canal 16 &#8211; Assembl\u00e9ia Legislativa da Bahia (ALBA), e o que se v\u00ea? Deputado Heraldo Rocha (PFL) dizendo que o governo \u00e9 um desastre &#8211; &#8220;especialmente a \u00e1rea de turismo est\u00e1 um vexame&#8221;.<\/p>\n<p style=\"text-align: justify;\">\u00c9 de fato um vexame &#8211; para o PFL auto-proclamado eficiente &#8211; Salvador ter 70% de ocupa\u00e7\u00e3o hoteleira em pleno inverno &#8211; quando antes n\u00e3o dava nem 40%.<\/p>\n<p style=\"text-align: justify;\">Este \u00e9 mais um exemplo de como a direita brasileira n\u00e3o colabora com a na\u00e7\u00e3o, n\u00e3o sabe fazer oposi\u00e7\u00e3o (coisa que a esquerda tamb\u00e9m n\u00e3o sabia, mas teve de aprender na marra), e com isso se auto-sabota. Fazer cr\u00edticas ao governo \u00e9 fundamental. Por\u00e9m, cr\u00edticas fora da realidade levaram Lula a perder 3 elei\u00e7\u00f5es seguidas &#8211; e a direita\u00e7a a \u00faltima. N\u00e3o foi outro motivo ali\u00e1s que impediu Walter Pinheiro (PT) de vencer Jo\u00e3o Henrique (PMDB) \u00e0 prefeitura de Salvador: suas cr\u00edticas eram uma sequ\u00eancia de nega\u00e7\u00f5es de melhorias na cidade que, apesar de p\u00edfias, eram evidentes &#8211; n\u00e3o reconhecendo nenhum avan\u00e7o da prefeitura em que ali\u00e1s fez parte.<\/p>\n<p style=\"text-align: justify;\">E \u00e9\u00a0especialmente rid\u00edculo quando o jornal do PFL (o Estad\u00e3o) contradiz o pr\u00f3prio PFL mon\u00e1rquico bahiano (e paulistan\u00f3filo).<\/p>\n","protected":false},"excerpt":{"rendered":"<p>O Estad\u00e3o, aquele jornal que t\u00e3o de direita suicidou Vargas e chama o Golpe de Revolu\u00e7\u00e3o at\u00e9 hoje, deu reportagem de pagina inteira mostrando como as a\u00e7\u00f5es diplom\u00e1ticas do atual Governador da Bahia impulsionaram o turismo do estado como um foguete, tirando da centralidade geogr\u00e1fica (Salvador) e da sazonalidade (Ver\u00e3o). [&hellip;]<\/p>\n","protected":false},"author":2,"featured_media":0,"comment_status":"closed","ping_status":"open","sticky":false,"template":"","format":"standard","meta":{"footnotes":""},"categories":[13,9],"tags":[20,859,861,140,862,123,15,860],"class_list":["post-1350","post","type-post","status-publish","format-standard","hentry","category-01ler","category-01viver","tag-bahia","tag-condolizza-rice","tag-estadao","tag-jaques-wagner","tag-jornal-o-estado-de-sao-paulo","tag-pfl","tag-salvador","tag-turismo-etnico"],"_links":{"self":[{"href":"https:\/\/www.ultimobaile.com\/index.php?rest_route=\/wp\/v2\/posts\/1350","targetHints":{"allow":["GET"]}}],"collection":[{"href":"https:\/\/www.ultimobaile.com\/index.php?rest_route=\/wp\/v2\/posts"}],"about":[{"href":"https:\/\/www.ultimobaile.com\/index.php?rest_route=\/wp\/v2\/types\/post"}],"author":[{"embeddable":true,"href":"https:\/\/www.ultimobaile.com\/index.php?rest_route=\/wp\/v2\/users\/2"}],"replies":[{"embeddable":true,"href":"https:\/\/www.ultimobaile.com\/index.php?rest_route=%2Fwp%2Fv2%2Fcomments&post=1350"}],"version-history":[{"count":8,"href":"https:\/\/www.ultimobaile.com\/index.php?rest_route=\/wp\/v2\/posts\/1350\/revisions"}],"predecessor-version":[{"id":4364,"href":"https:\/\/www.ultimobaile.com\/index.php?rest_route=\/wp\/v2\/posts\/1350\/revisions\/4364"}],"wp:attachment":[{"href":"https:\/\/www.ultimobaile.com\/index.php?rest_route=%2Fwp%2Fv2%2Fmedia&parent=1350"}],"wp:term":[{"taxonomy":"category","embeddable":true,"href":"https:\/\/www.ultimobaile.com\/index.php?rest_route=%2Fwp%2Fv2%2Fcategories&post=1350"},{"taxonomy":"post_tag","embeddable":true,"href":"https:\/\/www.ultimobaile.com\/index.php?rest_route=%2Fwp%2Fv2%2Ftags&post=1350"}],"curies":[{"name":"wp","href":"https:\/\/api.w.org\/{rel}","templated":true}]}}