{"id":1325,"date":"2009-07-18T14:56:39","date_gmt":"2009-07-18T17:56:39","guid":{"rendered":"http:\/\/www.ultimobaile.com\/?p=1325"},"modified":"2025-12-24T13:03:39","modified_gmt":"2025-12-24T16:03:39","slug":"formidavel-familia-musical-na-barra-da-tijuca","status":"publish","type":"post","link":"https:\/\/www.ultimobaile.com\/?p=1325","title":{"rendered":"Formid\u00e1vel Fam\u00edlia Musical na Barra da Tijuca"},"content":{"rendered":"<p style=\"text-align: justify;\"><img loading=\"lazy\" decoding=\"async\" class=\"aligncenter size-full wp-image-1324\" title=\"formidavel1\" src=\"https:\/\/www.ultimobaile.com\/wp-content\/uploads\/2009\/07\/formidavel1.jpg\" alt=\"formidavel1\" width=\"600\" height=\"450\" srcset=\"https:\/\/www.ultimobaile.com\/wp-content\/uploads\/2009\/07\/formidavel1.jpg 600w, https:\/\/www.ultimobaile.com\/wp-content\/uploads\/2009\/07\/formidavel1-300x225.jpg 300w\" sizes=\"auto, (max-width: 600px) 100vw, 600px\" \/><\/p>\n<p style=\"text-align: justify;\">Eu tam\u00e9m detesto a Barra da Tijuca, no Rio de Janeiro. E acho nada-a-ver com a <a href=\"http:\/\/www.myspace.com\/formidavelfamiliamusical\" target=\"_blank\"><strong>Formid\u00e1vel Fam\u00edlia Musical<\/strong><\/a> tocar l\u00e1. Mas pela <strong><em>Formid\u00e1vel<\/em><\/strong>, vale apena at\u00e9 pegar auto-estrada de S\u00e3o Conrado.<\/p>\n<p style=\"text-align: justify;\">Vai ser no <a href=\"http:\/\/www.cafeetilico.com.br\/\" target=\"_blank\">Pub Caf\u00e9 Et\u00edlico<\/a>, amanh\u00e3, a partir das 19h.<\/p>\n<p style=\"text-align: justify;\">E lembrando que os filhos pr\u00f3digos voltam a casa em agosto, para o <a href=\"http:\/\/www.festivaldeinvernobahia.com.br\/\" target=\"_blank\">Festival de Inverno de Vit\u00f3ria da Conquista<\/a>, e depois pra Salvador.<\/p>\n","protected":false},"excerpt":{"rendered":"<p>Eu tam\u00e9m detesto a Barra da Tijuca, no Rio de Janeiro. E acho nada-a-ver com a Formid\u00e1vel Fam\u00edlia Musical tocar l\u00e1. Mas pela Formid\u00e1vel, vale apena at\u00e9 pegar auto-estrada de S\u00e3o Conrado. Vai ser no Pub Caf\u00e9 Et\u00edlico, amanh\u00e3, a partir das 19h. E lembrando que os filhos pr\u00f3digos voltam [&hellip;]<\/p>\n","protected":false},"author":2,"featured_media":0,"comment_status":"closed","ping_status":"open","sticky":false,"template":"","format":"standard","meta":{"footnotes":""},"categories":[11,10,12,9],"tags":[20,848,719,383,77,849,518,749,15],"class_list":["post-1325","post","type-post","status-publish","format-standard","hentry","category-01beber","category-01comer","category-01ver","category-01viver","tag-bahia","tag-barra-da-tijuca","tag-folk","tag-formidavel-familia-musical","tag-pos-axezismo","tag-pub-cafe-etilico","tag-rio-de-janeiro","tag-rockn-roll","tag-salvador"],"_links":{"self":[{"href":"https:\/\/www.ultimobaile.com\/index.php?rest_route=\/wp\/v2\/posts\/1325","targetHints":{"allow":["GET"]}}],"collection":[{"href":"https:\/\/www.ultimobaile.com\/index.php?rest_route=\/wp\/v2\/posts"}],"about":[{"href":"https:\/\/www.ultimobaile.com\/index.php?rest_route=\/wp\/v2\/types\/post"}],"author":[{"embeddable":true,"href":"https:\/\/www.ultimobaile.com\/index.php?rest_route=\/wp\/v2\/users\/2"}],"replies":[{"embeddable":true,"href":"https:\/\/www.ultimobaile.com\/index.php?rest_route=%2Fwp%2Fv2%2Fcomments&post=1325"}],"version-history":[{"count":1,"href":"https:\/\/www.ultimobaile.com\/index.php?rest_route=\/wp\/v2\/posts\/1325\/revisions"}],"predecessor-version":[{"id":1326,"href":"https:\/\/www.ultimobaile.com\/index.php?rest_route=\/wp\/v2\/posts\/1325\/revisions\/1326"}],"wp:attachment":[{"href":"https:\/\/www.ultimobaile.com\/index.php?rest_route=%2Fwp%2Fv2%2Fmedia&parent=1325"}],"wp:term":[{"taxonomy":"category","embeddable":true,"href":"https:\/\/www.ultimobaile.com\/index.php?rest_route=%2Fwp%2Fv2%2Fcategories&post=1325"},{"taxonomy":"post_tag","embeddable":true,"href":"https:\/\/www.ultimobaile.com\/index.php?rest_route=%2Fwp%2Fv2%2Ftags&post=1325"}],"curies":[{"name":"wp","href":"https:\/\/api.w.org\/{rel}","templated":true}]}}