{"id":1307,"date":"2009-07-15T12:54:50","date_gmt":"2009-07-15T15:54:50","guid":{"rendered":"http:\/\/www.ultimobaile.com\/?p=1307"},"modified":"2025-12-24T13:03:39","modified_gmt":"2025-12-24T16:03:39","slug":"o-himen-complascente-do-pmdb","status":"publish","type":"post","link":"https:\/\/www.ultimobaile.com\/?p=1307","title":{"rendered":"O h\u00edmen complascente do PMDB"},"content":{"rendered":"<p style=\"text-align: justify;\">Duas entrevistas no <strong>Terra Magazine<\/strong> de ontem, do excelente Bob Fernandes. Uma, com o <a href=\"http:\/\/terramagazine.terra.com.br\/interna\/0,,OI3872636-EI11354,00.html\" target=\"_blank\">Governador Jaques Wagner<\/a>:<\/p>\n<blockquote style=\"text-align: justify;\">\n<p style=\"text-align: justify;\">(&#8230;)<\/p>\n<p style=\"text-align: justify;\">Como oposi\u00e7\u00e3o na Bahia significa tamb\u00e9m o DEM, tal movimento implicaria, naturalmente, em ter um outro candidato \u00e0 presid\u00eancia da Rep\u00fablica que n\u00e3o o candidato do presidente Lula. O problema para Geddel \u00e9 que o ex-governador Paulo Souto, do DEM, nome forte no estado, tamb\u00e9m j\u00e1 se anuncia candidato ao governo, contra Wagner. Donde, se tornada concreta a candidatura Souto, a tal uni\u00e3o de oposi\u00e7\u00f5es n\u00e3o se daria como imaginado pelo ministro.<\/p>\n<p style=\"text-align: justify;\">(&#8230;)<\/p>\n<p style=\"text-align: justify;\"><strong>Terra Magazine &#8211; Governador, o que temos a\u00ed na Bahia? O PMDB do ministro Geddel, integrante da alian\u00e7a que elegeu o senhor, rompeu com o seu governo?<br \/>\nJaques Wagner &#8211; <\/strong>Eu j\u00e1 disse e repito que ganha quem junta, quem agrega, re\u00fane, e n\u00e3o quem separa. O que eu quero, o meu desejo, \u00e9 continuar com a alian\u00e7a de nove partidos que me elegeu e chegou comigo ao governo em 2006. E as v\u00e1rias conversas que tive com o ministro Geddel foram no sentido de manter o projeto, onde, naturalmente, ele iria para a senatoria, disputaria a vaga de senador dentro dessa alian\u00e7a em 2010. Foi sempre esse o rumo da nossa conversa.<\/p>\n<p style=\"text-align: justify;\">(&#8230;)<\/p>\n<\/blockquote>\n<p style=\"text-align: justify;\">Como tenho dito, essa sanha de Geddel por ser governador agora precisa passar por dois obst\u00e1culos (<a href=\"https:\/\/www.ultimobaile.com\/?p=1270\" target=\"_blank\">al\u00e9m do ovo que Jo\u00e3o Henrique levou na cara na \u00faltima Parada do Dois de Julho<\/a>). Uma, \u00e9 convencer Paulo Souto, o \u00faltimo dos grandes PFListas a ter chances reais em cargos majorit\u00e1rios no pa\u00eds, ex-governador duas vezes e ex-senator, admirado at\u00e9 por gente como eu da esquerda por ter iniciado a desconstru\u00e7\u00e3o do carlismo (inclusive enquanto m\u00e9todo, que Geddel usa e Souto n\u00e3o) &#8211; convencer Paulo Souto a ser vice dele, Geddel, que na real n\u00e3o passa de um deputado federal com vota\u00e7\u00e3o mediana.<\/p>\n<p style=\"text-align: justify;\">A outra \u00e9 que a segunda vaga pro Senado espera por ele. Com ela, votos PTistas lhe seriam \u00fateis, e viriam &#8211; nem que fosse por t\u00e1tica de a Bahia n\u00e3o ter pela primeira vez nenhuma cadeira do PFL l\u00e1. Esta segunda vaga espera por ele &#8211; mas espera por Roberto Santos ou L\u00eddice. Esta segunda vaga para ele s\u00e3o duas, porque pode ser ao Senado na chapa de Paulo Souto &#8211; mas n\u00e3o espera pra sempre tamb\u00e9m. O tempo est\u00e1 contra Geddel. Da\u00ed sua \u00e2nsia de se declarar candidato j\u00e1.<\/p>\n<p style=\"text-align: justify;\">Mas, sabemos desde Freud que a pressa \u00e9 inimiga do tempo.<\/p>\n<p style=\"text-align: justify;\">Outra entrevista com <a href=\"http:\/\/terramagazine.terra.com.br\/interna\/0,,OI3873126-EI11354,00.html\" target=\"_blank\">L\u00facio Vieira Lima<\/a>, formalmente presidente do PMDB bahiano:<\/p>\n<blockquote style=\"text-align: justify;\">\n<p style=\"text-align: justify;\">(&#8230;)<\/p>\n<p style=\"text-align: justify;\"><strong>Ent\u00e3o, a manchete \u00e9?<\/strong><br \/>\nGeddel \u00e9 candidato ao governo, o governador que mantenha ou tire quem quiser e, muito importante, o PMDB vai ter aqui na Bahia o segundo palanque para Dilma Rousseff.<\/p>\n<p><strong>Por que os secret\u00e1rios indicados por voc\u00ea n\u00e3o pedem demiss\u00e3o, j\u00e1 que essa \u00e9 uma das pr\u00e1xis?<\/strong><br \/>\nN\u00e3o vamos pedir demiss\u00e3o. Isso \u00e9 uma quest\u00e3o interna do partido, o governador que tome a atitude que bem entender. N\u00f3s vamos nos limitar a ler o\u00a0<em>Di\u00e1rio Oficial<\/em>.<\/p>\n<p>(&#8230;)<\/p><\/blockquote>\n<p style=\"text-align: justify;\">\u00c9 isso: Geddel rompeu, mas n\u00e3o rompeu. Mas rompeu. Mas, n\u00e3o rompeu.<\/p>\n<p style=\"text-align: justify;\">\u00c9 uma esp\u00e9cie de h\u00edmen complacente da pol\u00edtica. Ou lidar com Geddel \u00e9 como fazer sexo: t\u00e1 dentro, t\u00e1 fora, t\u00e1 dentro, t\u00e1 fora. <a href=\"https:\/\/www.ultimobaile.com\/?p=300\" target=\"_blank\">Jo\u00e3o Henrique tinha postura similar, e o Governador o chamou de confuso ano passado, e com raz\u00e3o<\/a>. Como tamb\u00e9m j\u00e1 dissemos: <a href=\"https:\/\/www.ultimobaile.com\/?p=664\" target=\"_blank\">Geddel cr\u00ea ser capaz de contaminhar Jo\u00e3o Henrique com suas qualidades<\/a> (assertividade e operacionalidade t\u00e9cnica), mas o que est\u00e1 havendo \u00e9 o exato oposto: Geddel cada dia que passa est\u00e1 menos estrat\u00e9gico, e come\u00e7a a colher para si a rejei\u00e7\u00e3o de Jo\u00e3o Henrique.<\/p>\n<p style=\"text-align: justify;\">Piadas a parte, vamos a piada do pr\u00f3prio L\u00facio: formalmente rompeu, mas n\u00e3o devolve cargos. S\u00f3 se o governador pedir.<\/p>\n<p style=\"text-align: justify;\">Assim, \u00e9 f\u00e1cil. \u00c9 que nem no jardim-de-inf\u00e2ncia: &#8220;t\u00f4 de mal com voc\u00ea, corta aqui! &#8211; mas voc\u00ea me empresta o l\u00e1pis assim mesmo&#8230;?&#8221;.<\/p>\n<p style=\"text-align: justify;\">Que eu n\u00e3o tenho simpatia por Geddel, todo mundo sabe. Mas sabia nele um articulador maquiav\u00e9lico &#8211; sem escr\u00fapulos, mas eficiente e com estilo.<\/p>\n<p style=\"text-align: justify;\">Com essa, agora, cai pra posi\u00e7\u00e3o de crian\u00e7a birrenta de pr\u00e9-escola.<\/p>\n<p style=\"text-align: justify;\">Ele quer romper com o Governador? Aja como homem e sacaneie! Retire de Wagner a d\u00e1diva que \u00e9 ter Batista Neves na Secretaria de Infraestrutura &#8211; ao inv\u00e9s de dar a ele, Wagner, o direito de escolha sobre sofrer ou n\u00e3o o dolo de tal ruptura.<\/p>\n<p style=\"text-align: justify;\">Se \u00e9 pra brincar, Geddel, vamo brincar s\u00e9rio. Caf\u00e9-com-leite n\u00e3o vale, Su\u00edno.<\/p>\n<p style=\"text-align: justify;\">Por outro lado, isso pode ser sinal de que a t\u00e1tica de fazer ouvido mouco ao PMDB, enquanto lhe garante cargos, que o Governador tem usado, est\u00e1 dando certo: Geddel n\u00e3o tem coragem de ir al\u00e9m da bravata.<\/p>\n","protected":false},"excerpt":{"rendered":"<p>Duas entrevistas no Terra Magazine de ontem, do excelente Bob Fernandes. Uma, com o Governador Jaques Wagner: (&#8230;) Como oposi\u00e7\u00e3o na Bahia significa tamb\u00e9m o DEM, tal movimento implicaria, naturalmente, em ter um outro candidato \u00e0 presid\u00eancia da Rep\u00fablica que n\u00e3o o candidato do presidente Lula. O problema para Geddel [&hellip;]<\/p>\n","protected":false},"author":2,"featured_media":0,"comment_status":"closed","ping_status":"open","sticky":false,"template":"","format":"standard","meta":{"footnotes":""},"categories":[9],"tags":[20,650,821,149,140,49,15,404],"class_list":["post-1307","post","type-post","status-publish","format-standard","hentry","category-01viver","tag-bahia","tag-bob-fernandes","tag-eleicoes-2010","tag-geddel-vieira-lima","tag-jaques-wagner","tag-politica","tag-salvador","tag-terra-magazine"],"_links":{"self":[{"href":"https:\/\/www.ultimobaile.com\/index.php?rest_route=\/wp\/v2\/posts\/1307","targetHints":{"allow":["GET"]}}],"collection":[{"href":"https:\/\/www.ultimobaile.com\/index.php?rest_route=\/wp\/v2\/posts"}],"about":[{"href":"https:\/\/www.ultimobaile.com\/index.php?rest_route=\/wp\/v2\/types\/post"}],"author":[{"embeddable":true,"href":"https:\/\/www.ultimobaile.com\/index.php?rest_route=\/wp\/v2\/users\/2"}],"replies":[{"embeddable":true,"href":"https:\/\/www.ultimobaile.com\/index.php?rest_route=%2Fwp%2Fv2%2Fcomments&post=1307"}],"version-history":[{"count":6,"href":"https:\/\/www.ultimobaile.com\/index.php?rest_route=\/wp\/v2\/posts\/1307\/revisions"}],"predecessor-version":[{"id":4369,"href":"https:\/\/www.ultimobaile.com\/index.php?rest_route=\/wp\/v2\/posts\/1307\/revisions\/4369"}],"wp:attachment":[{"href":"https:\/\/www.ultimobaile.com\/index.php?rest_route=%2Fwp%2Fv2%2Fmedia&parent=1307"}],"wp:term":[{"taxonomy":"category","embeddable":true,"href":"https:\/\/www.ultimobaile.com\/index.php?rest_route=%2Fwp%2Fv2%2Fcategories&post=1307"},{"taxonomy":"post_tag","embeddable":true,"href":"https:\/\/www.ultimobaile.com\/index.php?rest_route=%2Fwp%2Fv2%2Ftags&post=1307"}],"curies":[{"name":"wp","href":"https:\/\/api.w.org\/{rel}","templated":true}]}}