{"id":1300,"date":"2009-07-14T11:08:59","date_gmt":"2009-07-14T14:08:59","guid":{"rendered":"http:\/\/www.ultimobaile.com\/?p=1300"},"modified":"2025-12-24T13:03:39","modified_gmt":"2025-12-24T16:03:39","slug":"feio","status":"publish","type":"post","link":"https:\/\/www.ultimobaile.com\/?p=1300","title":{"rendered":"Feio!"},"content":{"rendered":"<p style=\"text-align: justify;\">Muito feio! o modo com que O C\u00edrculo noticiou hoje, no Jornal A Tarde, a sa\u00edda de Pedro Pond\u00e9. &#8220;Pond\u00e9 saiu por adotar posturas individualistas&#8221;. N\u00e3o me parece verdade.<\/p>\n<p style=\"text-align: justify;\">Mas, ainda que fosse verdade seria grosseiro dizer assim. Meses de crise, e nenhuma transpar\u00eancia. Agora, ao inv\u00eas de transpar\u00eancia e humildade, se v\u00ea narcisismo, grosseria, lavagem de roupa suja em p\u00fablico.<\/p>\n<p style=\"text-align: justify;\">Disse ontem e sustento que O C\u00edrculo pode seguir sem Pond\u00e9. Ou poderia, se n\u00e3o sacrificasse seus m\u00e9todos. O modo com que a sa\u00edda se deu e foi divulgada foi a ant\u00edtese de tudo o que O C\u00edrculo construiu, de seu modo de agir e de pensar. De conceito, O C\u00edrculo caminha pra se tornar uma marca vazia.<\/p>\n<p style=\"text-align: justify;\">Digo isso ainda com a m\u00e3o extendida para a amizade de todos. E sem procurar culpados. Mas que faltou eleg\u00e2ncia, faltou.<\/p>\n","protected":false},"excerpt":{"rendered":"<p>Muito feio! o modo com que O C\u00edrculo noticiou hoje, no Jornal A Tarde, a sa\u00edda de Pedro Pond\u00e9. &#8220;Pond\u00e9 saiu por adotar posturas individualistas&#8221;. N\u00e3o me parece verdade. Mas, ainda que fosse verdade seria grosseiro dizer assim. Meses de crise, e nenhuma transpar\u00eancia. Agora, ao inv\u00eas de transpar\u00eancia e [&hellip;]<\/p>\n","protected":false},"author":2,"featured_media":0,"comment_status":"closed","ping_status":"open","sticky":false,"template":"","format":"standard","meta":{"footnotes":""},"categories":[13,12,9],"tags":[20,844,322,80,81,77,15,843],"class_list":["post-1300","post","type-post","status-publish","format-standard","hentry","category-01ler","category-01ver","category-01viver","tag-bahia","tag-daniel-ragoni","tag-jornal-a-tarde","tag-o-circulo","tag-pedro-ponde","tag-pos-axezismo","tag-salvador","tag-taciano-vasconcelos"],"_links":{"self":[{"href":"https:\/\/www.ultimobaile.com\/index.php?rest_route=\/wp\/v2\/posts\/1300","targetHints":{"allow":["GET"]}}],"collection":[{"href":"https:\/\/www.ultimobaile.com\/index.php?rest_route=\/wp\/v2\/posts"}],"about":[{"href":"https:\/\/www.ultimobaile.com\/index.php?rest_route=\/wp\/v2\/types\/post"}],"author":[{"embeddable":true,"href":"https:\/\/www.ultimobaile.com\/index.php?rest_route=\/wp\/v2\/users\/2"}],"replies":[{"embeddable":true,"href":"https:\/\/www.ultimobaile.com\/index.php?rest_route=%2Fwp%2Fv2%2Fcomments&post=1300"}],"version-history":[{"count":2,"href":"https:\/\/www.ultimobaile.com\/index.php?rest_route=\/wp\/v2\/posts\/1300\/revisions"}],"predecessor-version":[{"id":1302,"href":"https:\/\/www.ultimobaile.com\/index.php?rest_route=\/wp\/v2\/posts\/1300\/revisions\/1302"}],"wp:attachment":[{"href":"https:\/\/www.ultimobaile.com\/index.php?rest_route=%2Fwp%2Fv2%2Fmedia&parent=1300"}],"wp:term":[{"taxonomy":"category","embeddable":true,"href":"https:\/\/www.ultimobaile.com\/index.php?rest_route=%2Fwp%2Fv2%2Fcategories&post=1300"},{"taxonomy":"post_tag","embeddable":true,"href":"https:\/\/www.ultimobaile.com\/index.php?rest_route=%2Fwp%2Fv2%2Ftags&post=1300"}],"curies":[{"name":"wp","href":"https:\/\/api.w.org\/{rel}","templated":true}]}}