{"id":1293,"date":"2009-07-13T20:09:59","date_gmt":"2009-07-13T23:09:59","guid":{"rendered":"http:\/\/www.ultimobaile.com\/?p=1293"},"modified":"2025-12-24T13:03:39","modified_gmt":"2025-12-24T16:03:39","slug":"o-eixo-o-equilibrio","status":"publish","type":"post","link":"https:\/\/www.ultimobaile.com\/?p=1293","title":{"rendered":"O Eixo &#038; o equil\u00edbrio"},"content":{"rendered":"<p style=\"text-align: right;\"><em>&#8220;O meu Sol<\/em><\/p>\n<p style=\"text-align: right;\"><em>tem um mar<\/em><\/p>\n<p style=\"text-align: right;\"><em>tenho planos para lhe salvar<\/em><\/p>\n<p style=\"text-align: right;\"><em>#<\/em><\/p>\n<p style=\"text-align: right;\">\n<p style=\"text-align: right;\"><em>no meu sonho<\/em><\/p>\n<p style=\"text-align: right;\"><em><a href=\"http:\/\/www.youtube.com\/watch?v=eh4TcTXcTnM\" target=\"_blank\">tonto mar<\/a><\/em><\/p>\n<p style=\"text-align: right;\"><em>tenho planos para amar<\/em><\/p>\n<p style=\"text-align: right;\"><em>#<\/em><\/p>\n<p style=\"text-align: right;\">\n<p style=\"text-align: right;\"><em>(mas me deixe ficar<\/em><\/p>\n<p style=\"text-align: right;\"><em>um pouco mais)&#8221;<\/em><\/p>\n<p style=\"text-align: right;\"><em><strong>O C\u00edrculo<\/strong><\/em><\/p>\n<p style=\"text-align: right;\"><em>#<\/em><\/p>\n<p style=\"text-align: justify;\">\n<p style=\"text-align: justify;\">Passei o dia num dilema moral (que ficar\u00e1 claro a todos nos pr\u00f3ximos meses) se escrevia ou n\u00e3o sobre a sa\u00edda de Pedro Pond\u00e9 da banda <a href=\"http:\/\/www.myspace.com\/ocirculo\" target=\"_blank\">O C\u00edrculo<\/a>. Decidi-me a escrever sobre isso, sem an\u00e1lise, talvez com puro sentimento. Primeiro, pelo fato pol\u00edtico-est\u00e9tico suigeneris que o surgimento de O C\u00edrculo representou h\u00e1 4 anos: <a href=\"http:\/\/www.youtube.com\/watch?v=FewtaErM-g0\" target=\"_blank\"><em>Depois de ver<\/em><\/a> foi um verdadeiro hino da elei\u00e7\u00e3o de Jaques Wagner para muitos colegiais das grandes cidades do interior, e da capital, que votariam para governador pela primeira vez na vida. \u00a0Depois, em consequ\u00eancia disso, por minha rela\u00e7\u00e3o afetiva pessoal com a banda.<\/p>\n<p style=\"text-align: justify;\">Muito do que aqui vai \u00e9 puro <em>wishful-thinking<\/em>. Porque esta crise, junto a outras, me leva a questionar se a t\u00e3o propalada &#8220;Retomada&#8221; est\u00e1, de fato, em marcha &#8211; ou se n\u00e3o \u00e9 um sonho \u00a0em que Pedro Pond\u00e9, Taciano Vasconcelos, Daniel Ragoni, J\u00fanior e Israel nos fizeram acreditar. Acreditar tanto que virou verdade. Me recuso a analisar estes fatos por ora, contudo. Em respeito a estas figuras luminosas, em talento e em tudo mais, que raiaram num sol de dois-de-julho na \u00faltima d\u00e9cada.<\/p>\n<p style=\"text-align: justify;\">Como todos sabem, o C\u00edrculo n\u00e3o acabou. Mas Pedro Pond\u00e9, que o idealizou, n\u00e3o est\u00e1 mais nele. Isso n\u00e3o \u00e9 a princ\u00edpio um problema: os quatro t\u00eam hoje, sem ele, maturidade est\u00e9tica suficiente para seguir adiante &#8211; com o rigor e o estilo de sempre. Um vocalista a altura da guitarra l\u00edrica, quase tr\u00e1gica, de Taciano, e da elegante, precisa, delicada bateria de Daniel, ser\u00e1 dificil encontrar. Mas encontrar-se-\u00e1.<\/p>\n<p style=\"text-align: justify;\">Pond\u00e9, por outro lado, \u00e9 o vulc\u00e3o que todos conhecemos: l\u00facido, consequente, inventivo. Seguir\u00e1 tamb\u00e9m.<\/p>\n<p style=\"text-align: justify;\">O C\u00edrculo foi quem primeiro percebeu que esta oposi\u00e7\u00e3o <em>ax\u00e9-music X rock&#8217;n roll<\/em> estava n\u00e3o apenas ultrapassada, como era desde sempre bin\u00e1ria demais. E deu o passo adiante, arrombou a porta por onde adentrou o p\u00f3s-axezismo. Onde antes uma disputa cega, e sem di\u00e1logo, entre as pr\u00f3prias bandas ditas alternativas, agora um palco generosamente oferecido, com a profus\u00e3o tal\u00e1ssica da montanha soteropolitana: o <a href=\"https:\/\/www.ultimobaile.com\/?p=831\" target=\"_blank\">Bahia de Todos os Sons<\/a>.<\/p>\n<p style=\"text-align: justify;\">Destas sementes brotaram quase todos os ramos do p\u00f3s-axezismo: A <a href=\"http:\/\/www.myspace.com\/formidavelfamiliamusical\" target=\"_blank\">Formid\u00e1vel Fam\u00edlia Musical<\/a>, O <a href=\"http:\/\/www.myspace.com\/pirigulinobabilake\" target=\"_blank\">Pirigulino Babilake<\/a>, <a href=\"http:\/\/www.myspace.com\/ps05\" target=\"_blank\">Preto S\u00e1bio<\/a>, Clube da Malandragem, <a href=\"http:\/\/www.myspace.com\/vivendodoocio\" target=\"_blank\">Vivendo do \u00d3cio<\/a>. O C\u00edrculo nos fazia crer que podiamos, sim, <strong>estar em toda parte<\/strong>. Todos n\u00f3s. Que o que viviamos era pouco, s\u00f3 um lado do mundo &#8211; o outro, a gente ainda desconhecia. Que <a href=\"http:\/\/www.youtube.com\/watch?v=ZsHaQt2zan0\" target=\"_blank\">nesta janela, j\u00e1 nela, a gente n\u00e3o queria mais estar preso<\/a>.<\/p>\n<p style=\"text-align: justify;\"><strong>O C\u00edrculo foi assim o centro, o eixo, a partir do qual se equilibrava e orbitava parte consider\u00e1vel do p\u00f3s-axezismo. N\u00e3o sei se com esse cisma de agora poder\u00e1 continuar a s\u00ea-lo. E da\u00ed estarmos todos meio at\u00f4nitos &#8211; inclusive, creio, os atuais e ex- integrantes do projeto.<\/strong><\/p>\n<p style=\"text-align: justify;\">Mas, repito: n\u00e3o acabou. Seus frutos est\u00e3o a\u00ed. E o principal, seu legado: a no\u00e7\u00e3o clara de que a Salvador med\u00edocre tem sa\u00eddas &#8211; muitas ainda inexploradas. Que a can\u00e7\u00e3o vive, e faz viver.<\/p>\n<p style=\"text-align: justify;\">Matar aula deve ser muito mais gostoso hoje, porque existe <a href=\"http:\/\/www.youtube.com\/watch?v=TUFp6vxrkSE\" target=\"_blank\"><em>Amor de gra\u00e7a<\/em><\/a>.<\/p>\n<p style=\"text-align: justify;\">Nessa celeuma, eu n\u00e3o quero tomar parte &#8211; sequer, ainda, como cr\u00edtico. Apenas como p\u00fablico, meio \u00f3rf\u00e3o e um tanto borocox\u00f4 como fiquei o dia todo. Contudo, deixemos o pessimismo para dias melhores.<\/p>\n<p style=\"text-align: justify;\">A todos os cinco, dentro e fora de O C\u00edrculo, meus votos de luto, pesar, e da mais bela sorte do universo. E meu sincero abra\u00e7o aberto a todos os cinco, indiscriminadamente. Quando um sonho morre, n\u00e3o h\u00e1 culpados nem c\u00famplices: s\u00f3 v\u00edtimas.<\/p>\n","protected":false},"excerpt":{"rendered":"<p>&#8220;O meu Sol tem um mar tenho planos para lhe salvar # no meu sonho tonto mar tenho planos para amar # (mas me deixe ficar um pouco mais)&#8221; O C\u00edrculo # Passei o dia num dilema moral (que ficar\u00e1 claro a todos nos pr\u00f3ximos meses) se escrevia ou n\u00e3o [&hellip;]<\/p>\n","protected":false},"author":2,"featured_media":0,"comment_status":"closed","ping_status":"open","sticky":false,"template":"","format":"standard","meta":{"footnotes":""},"categories":[12,9],"tags":[20,844,80,81,77,15,843],"class_list":["post-1293","post","type-post","status-publish","format-standard","hentry","category-01ver","category-01viver","tag-bahia","tag-daniel-ragoni","tag-o-circulo","tag-pedro-ponde","tag-pos-axezismo","tag-salvador","tag-taciano-vasconcelos"],"_links":{"self":[{"href":"https:\/\/www.ultimobaile.com\/index.php?rest_route=\/wp\/v2\/posts\/1293","targetHints":{"allow":["GET"]}}],"collection":[{"href":"https:\/\/www.ultimobaile.com\/index.php?rest_route=\/wp\/v2\/posts"}],"about":[{"href":"https:\/\/www.ultimobaile.com\/index.php?rest_route=\/wp\/v2\/types\/post"}],"author":[{"embeddable":true,"href":"https:\/\/www.ultimobaile.com\/index.php?rest_route=\/wp\/v2\/users\/2"}],"replies":[{"embeddable":true,"href":"https:\/\/www.ultimobaile.com\/index.php?rest_route=%2Fwp%2Fv2%2Fcomments&post=1293"}],"version-history":[{"count":7,"href":"https:\/\/www.ultimobaile.com\/index.php?rest_route=\/wp\/v2\/posts\/1293\/revisions"}],"predecessor-version":[{"id":4371,"href":"https:\/\/www.ultimobaile.com\/index.php?rest_route=\/wp\/v2\/posts\/1293\/revisions\/4371"}],"wp:attachment":[{"href":"https:\/\/www.ultimobaile.com\/index.php?rest_route=%2Fwp%2Fv2%2Fmedia&parent=1293"}],"wp:term":[{"taxonomy":"category","embeddable":true,"href":"https:\/\/www.ultimobaile.com\/index.php?rest_route=%2Fwp%2Fv2%2Fcategories&post=1293"},{"taxonomy":"post_tag","embeddable":true,"href":"https:\/\/www.ultimobaile.com\/index.php?rest_route=%2Fwp%2Fv2%2Ftags&post=1293"}],"curies":[{"name":"wp","href":"https:\/\/api.w.org\/{rel}","templated":true}]}}