{"id":1270,"date":"2009-07-10T12:37:24","date_gmt":"2009-07-10T15:37:24","guid":{"rendered":"http:\/\/www.ultimobaile.com\/?p=1270"},"modified":"2025-12-24T13:03:40","modified_gmt":"2025-12-24T16:03:40","slug":"omelete-de-presuntinho","status":"publish","type":"post","link":"https:\/\/www.ultimobaile.com\/?p=1270","title":{"rendered":"Omelete de Presuntinho"},"content":{"rendered":"<p style=\"text-align: justify;\">Do <a href=\"http:\/\/bahiaempauta.com.br\/2009\/07\/modelito-de-camiseta-do-pmdb-para-o-desfile-do-2-de-julho-nao-agrada-em-ondina\/\" target=\"_blank\">Bahia em Pauta<\/a>, do excelente Victor Hugo Soares:<\/p>\n<blockquote>\n<p style=\"text-align: justify;\">J\u00e1 circula nas m\u00e3os de felizes propriet\u00e1rios, desde a manh\u00e3 desta quarta-feira, 01\/07, o modelo das camisetas com slogam provocativo e endere\u00e7o pol\u00edtico mais que direto, com a qual a turma do PMDB baiano ligada ao ministro da Integra\u00e7\u00e3o Nacional, Geddel Vieira Lima, e ao prefeito de Salvador, Jo\u00e3o Henrique Carneiro, vai sair \u00e0s ruas amanh\u00e3, quinta-feira, no desfile c\u00edvico ao 02 de Julho.<\/p>\n<p style=\"text-align: justify;\">Na frente da vestimenta o s\u00edmbolo cheio de estilo do PMDB, com sua tocha vermelha acesa, sustentada sobre listas em verde e amarelo associadas \u00e0 bandeira nacional. Nas costas, a mensagem bem mais significativa do que simples letras estampadas numa malha, na qual o partido governista mais oposicionista do governo petista de Jaques Wagner tenta marcar as diferen\u00e7as: \u201cO TRABALHO NA BAHIA TEM NOME\u201d.<\/p>\n<\/blockquote>\n<p style=\"text-align: justify;\">Provoca\u00e7\u00e3o clara ao Governador. Que reagiu como? Com nada. Com seu habilidoso sil\u00eancio, e sua paci\u00eancia de enxadrista, hoje j\u00e1 lend\u00e1ria.<\/p>\n<p style=\"text-align: justify;\">Efeitos, <a href=\"http:\/\/bahiaempauta.com.br\/2009\/07\/joao-perde-primeira-batalha-deste-2-de-julho\/\" target=\"_blank\">aqui<\/a>:<\/p>\n<blockquote>\n<p style=\"text-align: justify;\">J\u00e1 aconteceram as primeiras batalhas desta manh\u00e3 de quinta-feira, em Salvador, no desfile c\u00edvico do 2 de Julho. Ao chegar ao Pante\u00e3o da Lapinha, onde ficam os carros do Cabocla e do Caboclo, para a cerim\u00f4nia de hasteamento das bandeiras e toque dos hinos , o prefeito Jo\u00e3o Henrique Carneiro foi vaiado.<\/p>\n<p style=\"text-align: justify;\">E n\u00e3o foi uma vaiazinha qualquer, destas que os administradores e pol\u00edticos de todos os partidos est\u00e3o aprendendo a tirar \u201cde letra\u201d<\/p>\n<p style=\"text-align: justify;\">\u201cFoi a maior vaia que o Largo da Lapinha j\u00e1 ouviu em um 2 de Julho\u201d, segundo assinalou um observador de longas datas do festejo hist\u00f3rico.<\/p>\n<p style=\"text-align: justify;\">Ao lado do prefeito, no momento dos apupos ensurdecedores (puxados principalmente por servidores municipais em greve por melhoria salarial e de condi\u00e7\u00f5es de trabalho) , o ministro da Integra\u00e7\u00e3o Nacional, Geddel Vieira Lima, e o presidente do PMDB, Lucio Vieira Lima, irm\u00e3o do ministro.<\/p>\n<p style=\"text-align: justify;\">Cada um, \u00e9 claro, com ar de quem entoava baiaxinho a m\u00fasica da ga\u00facha Luka: \u201cT\u00f4 nem a\u00ed!\u201d<\/p>\n<p style=\"text-align: justify;\">At\u00e9 quando jogaram ovo no prefeito Jo\u00e3o Henrique, e todo mundo decidiu apressar o passo para a Pra\u00e7a da S\u00e9.<\/p>\n<\/blockquote>\n<p style=\"text-align: justify;\">No Dois de Julho vaia-se at\u00e9 minuto de sil\u00eancio. Ano passado eu abracei Grampinho (vulgo ACM, O Neto), dei beijo no rosto e disse que ia votar nele. Pura xibietagem.<\/p>\n<p style=\"text-align: justify;\">Wagner tamb\u00e9m foi vaiado &#8211; e aplaudido. Paulo Souto aplaudido &#8211; e vaiado. C\u00e9sar Borges com o sil\u00eancio de t\u00famulo que cabe a um espancador de adolescentes.<\/p>\n<p style=\"text-align: justify;\">Nada disso \u00e9 problema, nem sinal de for\u00e7a ou fraqueza pol\u00edtica. Mas ser vaiado o tempo inteiro, e ainda receber uma agress\u00e3o f\u00edsica (ovo na cara), \u00e9 incomum. Costuma ser uma festa pac\u00edfica. A \u00faltima demonstra\u00e7\u00e3o de agress\u00e3o nela foi institucional, quando C\u00e9sar, ent\u00e3o governador, mandou a Pol\u00edcia Militar bater no ex-governador Waldyr Pires e na prefeita L\u00eddice da Mata, que protestavam pela volta do nome do Aeroporto de Salvador (que hoje se chama Duquinho Magalh\u00e3es).<\/p>\n<p style=\"text-align: justify;\">Em seis meses de governo reeleito, e Jo\u00e3o Henrique j\u00e1 bate recordes de rejei\u00e7\u00e3o. Desta vez nem o obrismo (no sentido evang\u00e9lico) vai minorar isso. E Geddel ainda acha que pode ser Governador do Estado&#8230;<\/p>\n<p style=\"text-align: justify;\"><strong>Conclus\u00e3o:<\/strong> Wagner \u00e9 o \u00fanico pol\u00edtico brasileiro que sabe lidar com o PMDB. Como diz <a href=\"http:\/\/www.blogdoalon.com.br\/2009\/05\/um-partido-de-quadros-2605.html\" target=\"_blank\">Alon Feuerwerker<\/a>, o PMDB \u00e9 um partido de quadros e nem a direita nem a esquerda pode governar sem ele &#8211; mas os PMDBistas com quem a esquerda governa n\u00e3o s\u00e3o os mesmos com quem a direita governa (que o diga a diferen\u00e7a entre a megalomania de Geddel, e a efici\u00eancia discreta do vice-governador Edmundo Pereira).<\/p>\n<p style=\"text-align: justify;\">Assim, deve-se dar total import\u00e2ncia administrativa para o PMDB, e n\u00e3o apenas por ele ser faminto de cargos. Wagner faz isso com o excelente Secret\u00e1rio de Infraestrutura Batista Neves, que conclui obras antes do prazo e a menos custo do que previsto &#8211; coisa de quem \u00e9 quadro de carreira.<\/p>\n<p style=\"text-align: justify;\">Dar total import\u00e2ncia administrativa &#8211; e nenhuma import\u00e2ncia pol\u00edtica. Fazer ouvido mouco como Wagner faz com Geddel. Deixar o PMDB cair em si, ou cair do cavalo.<\/p>\n<p style=\"text-align: justify;\">Se Geddel cair em si, pode ficar com a segunda vaga de Senado, tanto \u00e0 esquerda (a primeira \u00e9 de Waldyr) ou a direita (a primeira \u00e9 de Paulo Souto, que j\u00e1 disse que n\u00e3o quer mais governar a Bahia). Para isso, ele tem de ser breve. Se adiar, a segunda vaga pode cair no colo de L\u00eddice. Ou de Roberto Santos (que pode sair com Souto ou com Waldyr, igualmente). Ou dos grandes pol\u00edticos da Bahia que sumiram durante o carlismo, progressistas\u00a0e que agora voltam a cena.<\/p>\n<p style=\"text-align: justify;\"><strong>Pano R\u00e1pido:<\/strong> imperd\u00edvel <a href=\"http:\/\/www.comunicacao.ba.gov.br\/radio\/2009\/07\/08\/discurso-do-governador-jaques-wagner-terceira-parte.mp3\" target=\"_blank\">o discurso do Governador anteontem<\/a>. Destaco o trecho em que ele diz que prepara a Bahia para um ciclo de desenvolvimento t\u00e3o longo quanto o \u00faltimo, &#8220;que foi criado por Lu\u00edz Viana Filho e R\u00f4mulo Almeida, e n\u00e3o por quem voc\u00eas pensam&#8221; (como sempre, n\u00e3o fala o nome ou sigla ACM &#8211; sic).<\/p>\n<p style=\"text-align: justify;\">Jaques Wagner \u00e9 um retorno da hist\u00f3ria que ACM tentou apagar: a era conhecida como <em>Avant-Gard bahiana<\/em>, em que toda a cultura e pol\u00edtica do pa\u00eds orbitava Salvador dos anos 50 aos 70. N\u00e3o \u00e9 demais lembrar que foi R\u00f4mulo Almeida o respons\u00e1vel pelo Plano de Metas do Governo Jucelino Kubitchek &#8211; e ali\u00e1s, Jucelino teve a id\u00e9ia ao conhecer R\u00f4mulo no Governo R\u00e9gis Pacheco (ou seja, Baobino), enquanto governava Minas (qualquer semelhan\u00e7a invertida de A\u00e9cio &amp; Wagner <span style=\"text-decoration: underline;\">n\u00e3o<\/span> \u00e9 mera coincid\u00eancia). N\u00e3o \u00e9 pouca coisa.<\/p>\n","protected":false},"excerpt":{"rendered":"<p>Do Bahia em Pauta, do excelente Victor Hugo Soares: J\u00e1 circula nas m\u00e3os de felizes propriet\u00e1rios, desde a manh\u00e3 desta quarta-feira, 01\/07, o modelo das camisetas com slogam provocativo e endere\u00e7o pol\u00edtico mais que direto, com a qual a turma do PMDB baiano ligada ao ministro da Integra\u00e7\u00e3o Nacional, Geddel [&hellip;]<\/p>\n","protected":false},"author":2,"featured_media":0,"comment_status":"closed","ping_status":"open","sticky":false,"template":"","format":"standard","meta":{"footnotes":""},"categories":[9],"tags":[520,822,281,820,20,790,821,149,824,140,122,49,15,823],"class_list":["post-1270","post","type-post","status-publish","format-standard","hentry","category-01viver","tag-520","tag-alon-feuerwerker","tag-antonio-baobino","tag-avant-gard","tag-bahia","tag-dois-de-julho","tag-eleicoes-2010","tag-geddel-vieira-lima","tag-governador","tag-jaques-wagner","tag-pmdb","tag-politica","tag-salvador","tag-victor-hugo-soares"],"_links":{"self":[{"href":"https:\/\/www.ultimobaile.com\/index.php?rest_route=\/wp\/v2\/posts\/1270","targetHints":{"allow":["GET"]}}],"collection":[{"href":"https:\/\/www.ultimobaile.com\/index.php?rest_route=\/wp\/v2\/posts"}],"about":[{"href":"https:\/\/www.ultimobaile.com\/index.php?rest_route=\/wp\/v2\/types\/post"}],"author":[{"embeddable":true,"href":"https:\/\/www.ultimobaile.com\/index.php?rest_route=\/wp\/v2\/users\/2"}],"replies":[{"embeddable":true,"href":"https:\/\/www.ultimobaile.com\/index.php?rest_route=%2Fwp%2Fv2%2Fcomments&post=1270"}],"version-history":[{"count":7,"href":"https:\/\/www.ultimobaile.com\/index.php?rest_route=\/wp\/v2\/posts\/1270\/revisions"}],"predecessor-version":[{"id":4374,"href":"https:\/\/www.ultimobaile.com\/index.php?rest_route=\/wp\/v2\/posts\/1270\/revisions\/4374"}],"wp:attachment":[{"href":"https:\/\/www.ultimobaile.com\/index.php?rest_route=%2Fwp%2Fv2%2Fmedia&parent=1270"}],"wp:term":[{"taxonomy":"category","embeddable":true,"href":"https:\/\/www.ultimobaile.com\/index.php?rest_route=%2Fwp%2Fv2%2Fcategories&post=1270"},{"taxonomy":"post_tag","embeddable":true,"href":"https:\/\/www.ultimobaile.com\/index.php?rest_route=%2Fwp%2Fv2%2Ftags&post=1270"}],"curies":[{"name":"wp","href":"https:\/\/api.w.org\/{rel}","templated":true}]}}