{"id":1233,"date":"2009-07-07T22:16:57","date_gmt":"2009-07-08T01:16:57","guid":{"rendered":"http:\/\/www.ultimobaile.com\/?p=1233"},"modified":"2025-12-24T13:03:40","modified_gmt":"2025-12-24T16:03:40","slug":"mozart-em-santa-tereza","status":"publish","type":"post","link":"https:\/\/www.ultimobaile.com\/?p=1233","title":{"rendered":"Mozart em Santa Tereza"},"content":{"rendered":"<p style=\"text-align: justify;\">N\u00e3o \u00e9 no Rio de Janeiro, n\u00e3o. \u00c9 em Salvador mesmo. Na Igreja de Santa Tereza, Museu de Arte Sacra da Universidade Federal da Bahia (MAS-UFBA), antigo Convento da Ordem Segunda de S\u00e3o Bento &#8211; Rua do Sodr\u00e9, em frente ao casar\u00e3o onde morreu Castro Alves.<\/p>\n<p style=\"text-align: justify;\">Nunca antes a s\u00e9rie Mozart Nas Igrejas, da Orquestra Sinf\u00f4nica da Bahia (OSBA), ocupou uma igreja t\u00e3o pequena, e t\u00e3o antiga. Ela \u00e9, junto com a Abadia de S\u00e3o Bento (ao lado dela) e da C\u00e2mara Municipal, uma das tr\u00eas \u00fanicas constru\u00e7\u00f5es puramente renascentistas da cidade.<\/p>\n<p style=\"text-align: justify;\">Sim, Renascentistas. Porque se tende a esquecer que Salvador tornou-se Barroca, mas j\u00e1 existia bem antes de Cam\u00f5es morrer.<\/p>\n<p style=\"text-align: justify;\">Para amanh\u00e3, o repert\u00f3rio inclui Padre Jos\u00e9 Maur\u00edcio, Carlos Gomes, Haydn, al\u00e9m de Mozart, claro. 20h, mas recomendo chegar bem antes. Vai lotar!<\/p>\n","protected":false},"excerpt":{"rendered":"<p>N\u00e3o \u00e9 no Rio de Janeiro, n\u00e3o. \u00c9 em Salvador mesmo. Na Igreja de Santa Tereza, Museu de Arte Sacra da Universidade Federal da Bahia (MAS-UFBA), antigo Convento da Ordem Segunda de S\u00e3o Bento &#8211; Rua do Sodr\u00e9, em frente ao casar\u00e3o onde morreu Castro Alves. Nunca antes a s\u00e9rie [&hellip;]<\/p>\n","protected":false},"author":2,"featured_media":0,"comment_status":"closed","ping_status":"open","sticky":false,"template":"","format":"standard","meta":{"footnotes":""},"categories":[12,9],"tags":[20,811,158,813,812,162,15,70],"class_list":["post-1233","post","type-post","status-publish","format-standard","hentry","category-01ver","category-01viver","tag-bahia","tag-igreja-de-santa-tereza","tag-mozart","tag-museu-de-arte-sacra","tag-ordem-segunda-de-sao-bento","tag-osba","tag-salvador","tag-ufba"],"_links":{"self":[{"href":"https:\/\/www.ultimobaile.com\/index.php?rest_route=\/wp\/v2\/posts\/1233","targetHints":{"allow":["GET"]}}],"collection":[{"href":"https:\/\/www.ultimobaile.com\/index.php?rest_route=\/wp\/v2\/posts"}],"about":[{"href":"https:\/\/www.ultimobaile.com\/index.php?rest_route=\/wp\/v2\/types\/post"}],"author":[{"embeddable":true,"href":"https:\/\/www.ultimobaile.com\/index.php?rest_route=\/wp\/v2\/users\/2"}],"replies":[{"embeddable":true,"href":"https:\/\/www.ultimobaile.com\/index.php?rest_route=%2Fwp%2Fv2%2Fcomments&post=1233"}],"version-history":[{"count":3,"href":"https:\/\/www.ultimobaile.com\/index.php?rest_route=\/wp\/v2\/posts\/1233\/revisions"}],"predecessor-version":[{"id":4379,"href":"https:\/\/www.ultimobaile.com\/index.php?rest_route=\/wp\/v2\/posts\/1233\/revisions\/4379"}],"wp:attachment":[{"href":"https:\/\/www.ultimobaile.com\/index.php?rest_route=%2Fwp%2Fv2%2Fmedia&parent=1233"}],"wp:term":[{"taxonomy":"category","embeddable":true,"href":"https:\/\/www.ultimobaile.com\/index.php?rest_route=%2Fwp%2Fv2%2Fcategories&post=1233"},{"taxonomy":"post_tag","embeddable":true,"href":"https:\/\/www.ultimobaile.com\/index.php?rest_route=%2Fwp%2Fv2%2Ftags&post=1233"}],"curies":[{"name":"wp","href":"https:\/\/api.w.org\/{rel}","templated":true}]}}