{"id":1230,"date":"2009-07-07T06:42:47","date_gmt":"2009-07-07T09:42:47","guid":{"rendered":"http:\/\/www.ultimobaile.com\/?p=1230"},"modified":"2025-12-24T13:03:40","modified_gmt":"2025-12-24T16:03:40","slug":"a-uti-de-aninha-o-vico-da-neojiba","status":"publish","type":"post","link":"https:\/\/www.ultimobaile.com\/?p=1230","title":{"rendered":"A U.T.I. de Aninha &#038; o Vi\u00e7o da Neojib\u00e1"},"content":{"rendered":"<p style=\"text-align: justify;\">Do blog do <a href=\"http:\/\/neojiba.blogspot.com\/2009\/07\/juvenil-2-de-julho-em-campos-do-jordao.html\" target=\"_blank\">N\u00facleo Estadual de Orquestras Infantis e Juvenis da Bahia<\/a>:<\/p>\n<blockquote style=\"text-align: justify;\"><p>N\u00e3o podia ser mais perfeito. A apresenta\u00e7\u00e3o da Orquestra Sinf\u00f4nica Juvenil 2 de Julho no Festival de Inverno de Campos do Jord\u00e3o foi memor\u00e1vel, e certamente sair\u00e1 como um dos mais marcantes do Festival, ao final do evento. \u00a0(&#8230;) Os jovens [m\u00fasicos], sob reg\u00eancia de Ricardo Castro, foram capazes de p\u00f4r o selet\u00edssimo p\u00fablico de Campos do Jord\u00e3o para aplaudir de p\u00e9 a cada uma das obras executadas.<\/p>\n<p>Sob um frio de 13 graus, a J2J iniciou o concerto \u00e0s 16h na Concha Ac\u00fastica da Pra\u00e7a Capivari \u00a0(&#8230;).\u00a0Para fechar a apresenta\u00e7\u00e3o de modo triunfal, Ricardo Castro passou a batuta para o jovem Yuri Barbosa, que concduziu magnificamente a\u00a0Marcha Eslava, de Tchaikovsky. Com a plat\u00e9ia ainda aplaudindo de p\u00e9, a orquestra emendou o\u00a0Tico-tico no Fub\u00e1, levando a pra\u00e7a abaixo. O sucesso foi tanto, que aos pedidos de &#8220;Mais um! Mais um!&#8221;, Ricardo regeu uma vers\u00e3o totalmente improvisada de\u00a0Asa Branca, fechando a noite de maneira apote\u00f3tica.<\/p>\n<p style=\"text-align: justify;\">No meio da emocionada plat\u00e9ia haviam presen\u00e7as ilustres, como o Secret\u00e1rio de Cultura da Bahia, M\u00e1rcio Meirelles, o spalla da OSESP, Emmanuele Baldini, e o Diretor Art\u00edstico do Festival, o maestro Roberto Minczuk, que se derreteu em elogios \u00e0 orquestra. <strong>Minczuk tamb\u00e9m ficou encantad\u00edssimo com a performance do jovem maestro Yuri e, para orgulho de todos, convidou-o para permanecer at\u00e9 o final do Festival tomando aulas no concorrid\u00edssimo curso de reg\u00eancia com grandes professores da Fran\u00e7a.<\/strong> Sucesso absoluto.<\/p>\n<\/blockquote>\n<p style=\"text-align: justify;\">\u00c9 mentira! Algu\u00e9m precisa apresentar Aninha Franco ao ex-maestro da Sinf\u00f4nica de Praga, Roberto Minczuc. Aninha Franco \u00e9 que sabe das coisas e j\u00e1 diagn\u00f3sticou: M\u00e1rcio Meirelles \u00e9 um assassino cultural! M\u00e1rcio Meirelles \u00e9 culpado de tudo: do fechamento do Teatro XVIII, da fal\u00eancia do Costa Pinto; foi M\u00e1rcio Meirelles quem arrancou os bra\u00e7os da V\u00eanus de Milo e a cabe\u00e7a da Vit\u00f3ria de Samotr\u00e1cia, n\u00e3o sabiam?!<\/p>\n<p style=\"text-align: justify;\">Pra n\u00e3o ser pros\u00e9lito, pego outra refer\u00eancia, esta da xen\u00f3foba S\u00e3o Paulo de Piratininga &#8211; <a href=\"http:\/\/www.netcampos.com\/noticias-campos-do-jordao\/festival-de-inverno\/publico-lota-a-praca-do-capivari-no-segundo-dia-do-festival-de-inverno\/\" target=\"_blank\">Guia Interativo de Campos do Jord\u00e3o<\/a>:<\/p>\n<blockquote>\n<p style=\"text-align: justify;\"><span>J\u00e1 na Pra\u00e7a do Capivari, \u00e0s 16h, a Orquestra Juvenil 2 de Julho, sob a reg\u00eancia do maestro Ricardo Castro, <\/span><strong>levantou o p\u00fablico com uma performance alegre e descontra\u00edda<\/strong><span>. Criada em setembro de 2007, esta \u00e9 a primeira orquestra sinf\u00f4nica juvenil do Estado da Bahia e o principal grupo formado pelo NEOJIB\u00c1 (N\u00facleos Estaduais de Orquestras Juvenis e Infantis da Bahia), projeto da Secretaria de Cultura do Estado da Bahia. A Orquestra tocou obras de Wagner, Tchaikovsky, Bizet, entre outros.<\/span><\/p>\n<p style=\"text-align: justify;\"><em>Oportunidade<\/em><\/p>\n<p style=\"text-align: justify;\"><span>Durante o concerto, o regente Ricardo Castro convidou o percussionista da orquestra e aluno de reg\u00eancia Yuri Barbosa, de 17 anos, para reger o grupo. O aluno regeu uma obra de Tchaikovsky e o cl\u00e1ssico da m\u00fasica popular Tico-Tico no Fub\u00e1, de Zequinha de Abreu, e foi muito aplaudido pelo p\u00fablico da pra\u00e7a.<\/span><\/p>\n<p style=\"text-align: justify;\"><span>No final do concerto, uma surpresa: o aluno foi convidado pela dire\u00e7\u00e3o pedag\u00f3gica do festival a permanecer na cidade como bolsista da \u00e1rea de reg\u00eancia. Yuri, que nunca havia sa\u00eddo do estado da Bahia e iniciou seus estudos musicais h\u00e1 dois anos, viu um sonho se tornar realidade. &#8220;Eu n\u00e3o imaginava receber este convite, estou muito feliz. Espero poder aproveitar todos os momentos e aprender muito&#8221;, finaliza.<\/span><\/p>\n<\/blockquote>\n<p style=\"text-align: justify;\">J\u00e1 haviamos dito aqui que <a href=\"https:\/\/www.ultimobaile.com\/?p=1026\" target=\"_blank\">o principal m\u00e9rito da Neojib\u00e1 \u00e9 sua execu\u00e7\u00e3o relaxada, sem ser descuidada<\/a>. Mas \u00e9 bom saber que o blog da cidade que sedia o mais importante festival de m\u00fasica erudita das Am\u00e9ricas concorda.<\/p>\n<p style=\"text-align: justify;\">Mas n\u00e3o&#8230; Parem tudo! Aninha tem de virar embaixatriz bahiana em Campos do Jord\u00e3o. Essa galera da OSESP n\u00e3o sabe de nada! Prendam M\u00e1rcio Meirelles e enforquem no pr\u00f3ximo desfile do Dois de Julho! Essa tal de OSESP nem \u00e9 a melhor sinf\u00f4nica do planeta, hoje&#8230;<\/p>\n<p style=\"text-align: justify;\">Pano R\u00e1pido: ser\u00e1 que agora a classe m\u00e9dia pitubana, que n\u00e3o sabe diferenciar um fagote de um t\u00edmpano, vai reconhecer a genialidade da Neojib\u00e1? Sim, porque todo mundo sabe que a Pituba pensa-se um bairro do interior de S\u00e3o Paulo, com vista pro mar &#8211; e s\u00f3 ouve o que S\u00e3o Paulo diz&#8230;<\/p>\n","protected":false},"excerpt":{"rendered":"<p>Do blog do N\u00facleo Estadual de Orquestras Infantis e Juvenis da Bahia: N\u00e3o podia ser mais perfeito. A apresenta\u00e7\u00e3o da Orquestra Sinf\u00f4nica Juvenil 2 de Julho no Festival de Inverno de Campos do Jord\u00e3o foi memor\u00e1vel, e certamente sair\u00e1 como um dos mais marcantes do Festival, ao final do evento. [&hellip;]<\/p>\n","protected":false},"author":2,"featured_media":0,"comment_status":"closed","ping_status":"open","sticky":false,"template":"","format":"standard","meta":{"footnotes":""},"categories":[11,10,12,9],"tags":[20,808,790,809,140,152,618,365,810,15,314,114,200],"class_list":["post-1230","post","type-post","status-publish","format-standard","hentry","category-01beber","category-01comer","category-01ver","category-01viver","tag-bahia","tag-campos-do-jordao","tag-dois-de-julho","tag-festival-de-inverno","tag-jaques-wagner","tag-marcio-meirelles","tag-neojiba","tag-ricardo-castro","tag-roberto-minczuc","tag-salvador","tag-sao-paulo","tag-secretaria-de-cultura-do-estado-da-bahia","tag-teatro-castro-alves"],"_links":{"self":[{"href":"https:\/\/www.ultimobaile.com\/index.php?rest_route=\/wp\/v2\/posts\/1230","targetHints":{"allow":["GET"]}}],"collection":[{"href":"https:\/\/www.ultimobaile.com\/index.php?rest_route=\/wp\/v2\/posts"}],"about":[{"href":"https:\/\/www.ultimobaile.com\/index.php?rest_route=\/wp\/v2\/types\/post"}],"author":[{"embeddable":true,"href":"https:\/\/www.ultimobaile.com\/index.php?rest_route=\/wp\/v2\/users\/2"}],"replies":[{"embeddable":true,"href":"https:\/\/www.ultimobaile.com\/index.php?rest_route=%2Fwp%2Fv2%2Fcomments&post=1230"}],"version-history":[{"count":3,"href":"https:\/\/www.ultimobaile.com\/index.php?rest_route=\/wp\/v2\/posts\/1230\/revisions"}],"predecessor-version":[{"id":4380,"href":"https:\/\/www.ultimobaile.com\/index.php?rest_route=\/wp\/v2\/posts\/1230\/revisions\/4380"}],"wp:attachment":[{"href":"https:\/\/www.ultimobaile.com\/index.php?rest_route=%2Fwp%2Fv2%2Fmedia&parent=1230"}],"wp:term":[{"taxonomy":"category","embeddable":true,"href":"https:\/\/www.ultimobaile.com\/index.php?rest_route=%2Fwp%2Fv2%2Fcategories&post=1230"},{"taxonomy":"post_tag","embeddable":true,"href":"https:\/\/www.ultimobaile.com\/index.php?rest_route=%2Fwp%2Fv2%2Ftags&post=1230"}],"curies":[{"name":"wp","href":"https:\/\/api.w.org\/{rel}","templated":true}]}}