{"id":1214,"date":"2009-07-01T18:39:06","date_gmt":"2009-07-01T21:39:06","guid":{"rendered":"http:\/\/www.ultimobaile.com\/?p=1214"},"modified":"2025-12-24T13:03:40","modified_gmt":"2025-12-24T16:03:40","slug":"a-dois-de-julho-alca-voo","status":"publish","type":"post","link":"https:\/\/www.ultimobaile.com\/?p=1214","title":{"rendered":"A Dois de Julho al\u00e7a v\u00f4o"},"content":{"rendered":"<p style=\"text-align: justify;\">Amanh\u00e3, a Orquestra Jovem Dois de Julho (Neojib\u00e1, a melhor sinf\u00f4nica jovem da Am\u00e9rica Latina), faz seu \u00faltimo ensaio antes de ir para S\u00e3o Paulo abrir, no domingo dia 5 de julho \u00e0s 16h, o badalado Festival de Inverno de Campos do Jord\u00e3o.<\/p>\n<p style=\"text-align: justify;\">Este ensaio vai ser aberto, e imperd\u00edvel. Se estivesse em Salvador, eu iria de com for\u00e7a! 11h e 30min da manh\u00e3, na sala principal do Teatro Castro Alves.<\/p>\n<p style=\"text-align: justify;\">A Neojib\u00e1 toca tamb\u00e9m s\u00e1bado, dia 4, 15h no Sesc Itaquera, na capital paulsita.<\/p>\n<p style=\"text-align: justify;\">Tem um grupo de vi\u00favas do axezismo querendo fazer passeata de protesto no Cortejo da Cabocla, dizendo que &#8220;a cultura na Bahia est\u00e1 morrendo&#8221;. Como na Parada de Dois de Julho vaia-se at\u00e9 minuto de sil\u00eancio (eu mesmo j\u00e1 abracei Grampinho e gritei &#8220;vou votar em voc\u00ea!&#8221;, por puira xibietagem), tudo bem.<\/p>\n<p style=\"text-align: justify;\">Mas os que vivem, e fazem viver, a cultura n\u00e3o estar\u00e3o l\u00e1. Estar\u00e3o vendo os &#8220;meninos de Ricardo Castro&#8221; esquentando as palhetas, os arcos e os tamborins pra fazer a Paulic\u00e9ia babar de inveja.<\/p>\n<p style=\"text-align: justify;\">E depois, v\u00e3o forrofiar no Pelourinho, com o talentos\u00edssimo Targino Gondim e outros, a partir de meio-dia, em homenagem a expuls\u00e3o dos Madeira-Podre &#8211; os de 1823 e os de hoje&#8230;<\/p>\n","protected":false},"excerpt":{"rendered":"<p>Amanh\u00e3, a Orquestra Jovem Dois de Julho (Neojib\u00e1, a melhor sinf\u00f4nica jovem da Am\u00e9rica Latina), faz seu \u00faltimo ensaio antes de ir para S\u00e3o Paulo abrir, no domingo dia 5 de julho \u00e0s 16h, o badalado Festival de Inverno de Campos do Jord\u00e3o. Este ensaio vai ser aberto, e imperd\u00edvel. [&hellip;]<\/p>\n","protected":false},"author":2,"featured_media":0,"comment_status":"closed","ping_status":"open","sticky":false,"template":"","format":"standard","meta":{"footnotes":""},"categories":[9],"tags":[791,790,794,792,618,195,365,15,314,795,793,171,200],"class_list":["post-1214","post","type-post","status-publish","format-standard","hentry","category-01viver","tag-2-de-julho","tag-dois-de-julho","tag-festival-de-inverno-de-campos-do-jordao","tag-independencia-da-bahia","tag-neojiba","tag-pelourinho","tag-ricardo-castro","tag-salvador","tag-sao-paulo","tag-sesc-itaquera","tag-sifonica-jovem","tag-tca","tag-teatro-castro-alves"],"_links":{"self":[{"href":"https:\/\/www.ultimobaile.com\/index.php?rest_route=\/wp\/v2\/posts\/1214","targetHints":{"allow":["GET"]}}],"collection":[{"href":"https:\/\/www.ultimobaile.com\/index.php?rest_route=\/wp\/v2\/posts"}],"about":[{"href":"https:\/\/www.ultimobaile.com\/index.php?rest_route=\/wp\/v2\/types\/post"}],"author":[{"embeddable":true,"href":"https:\/\/www.ultimobaile.com\/index.php?rest_route=\/wp\/v2\/users\/2"}],"replies":[{"embeddable":true,"href":"https:\/\/www.ultimobaile.com\/index.php?rest_route=%2Fwp%2Fv2%2Fcomments&post=1214"}],"version-history":[{"count":4,"href":"https:\/\/www.ultimobaile.com\/index.php?rest_route=\/wp\/v2\/posts\/1214\/revisions"}],"predecessor-version":[{"id":4383,"href":"https:\/\/www.ultimobaile.com\/index.php?rest_route=\/wp\/v2\/posts\/1214\/revisions\/4383"}],"wp:attachment":[{"href":"https:\/\/www.ultimobaile.com\/index.php?rest_route=%2Fwp%2Fv2%2Fmedia&parent=1214"}],"wp:term":[{"taxonomy":"category","embeddable":true,"href":"https:\/\/www.ultimobaile.com\/index.php?rest_route=%2Fwp%2Fv2%2Fcategories&post=1214"},{"taxonomy":"post_tag","embeddable":true,"href":"https:\/\/www.ultimobaile.com\/index.php?rest_route=%2Fwp%2Fv2%2Ftags&post=1214"}],"curies":[{"name":"wp","href":"https:\/\/api.w.org\/{rel}","templated":true}]}}