{"id":1212,"date":"2009-06-30T12:10:06","date_gmt":"2009-06-30T15:10:06","guid":{"rendered":"http:\/\/www.ultimobaile.com\/?p=1212"},"modified":"2025-12-24T13:03:40","modified_gmt":"2025-12-24T16:03:40","slug":"a-questao-costa-pinto","status":"publish","type":"post","link":"https:\/\/www.ultimobaile.com\/?p=1212","title":{"rendered":"A Quest\u00e3o Costa-Pinto"},"content":{"rendered":"<p style=\"text-align: justify;\">A quest\u00e3o que se avoluma desta vez contra o Secret\u00e1rio Estadual de Cultura, Marcio Meirelles, \u00e9 a da suposta fal\u00eancia do Museu Carlos Costa Pinto &#8211; maior acervo privado de pe\u00e7as hist\u00f3ricas do pa\u00eds.<\/p>\n<p style=\"text-align: justify;\">Em que pese que desde j\u00e1 deixo claro uma coisa: a culpa n\u00e3o \u00e9, como M\u00e1rio Kertzs et caterva t\u00eam alardeado, da Secretaria de Cultura. N\u00e3o houve corte de verba, mas retifica\u00e7\u00e3o. O Costa Pinto continua recebendo o teto m\u00e1ximo de repasse permitido pelo Tribunal de Contas do Estado, como mostra o <a href=\"http:\/\/www.cultura.ba.gov.br\/\" target=\"_blank\">blog da SECULT<\/a>.<\/p>\n<p style=\"text-align: justify;\">Por outro lado, se a culpa n\u00e3o \u00e9 de Marcio, a responsabilidade politicamente ser\u00e1. E com raz\u00e3o.<\/p>\n<p style=\"text-align: justify;\">N\u00e3o se quer dizer, com isso, que cabe ao Estado arcar com os \u00f4nus de um museu privado, por mais importante que este seja. O Teatro Castro Alves, estatal, n\u00e3o \u00e9 plenamente financiado pelo Estado: parte de seu or\u00e7amento vem do aluguel de sua pauta na sala principal (uma das mais caras da Am\u00e9rica Latina, e com raz\u00e3o), e do cachet de apresenta\u00e7\u00e3o de suas duas Sinf\u00f4nicas (Neojib\u00e1 e OSBA &#8211; esta \u00faltima apenas quando fora do estado da Bahia) e de seu corpo de baile permanente.<\/p>\n<p style=\"text-align: justify;\">A quest\u00e3o do Costa Pinto se relaciona por um lado com uma vis\u00e3o museol\u00f3gica elitista e arcaica por parte da institui\u00e7\u00e3o (e que n\u00e3o era presente no Governo do Estado mesmo durante o carlismo), e a total falta de vis\u00e3o do empresariado bahiano.<\/p>\n<p style=\"text-align: justify;\">Sen\u00e3o vejamos. O maior museu privado do Brasil fica no Rio de Janeiro: a <a href=\"http:\/\/www.museuscastromaya.com.br\/chacara.htm\" target=\"_blank\">Cole\u00e7\u00e3o Castro Maia<\/a>, dividido em duas sedes: a Ch\u00e1cara do C\u00e9u, em Santa Tereza, e a Ch\u00e1cara do A\u00e7ude, no Alto da Boa-Vista (pr\u00f3ximo a Vista Imperial Chinesa e a Capela Mayrink). E, como se pode ver na p\u00e1gina do Museu, \u00e9 mantida pelo Bradesco (que Dr. Castro Maia ajudou a fundar, nos anos 50) e atrav\u00e9s da venda de ingressos e de reprodu\u00e7\u00e3o de parte de seu acervo, e aluguel de espa\u00e7o para eventos. Algumas vezes, alugam para o Estado do Rio de Janeiro &#8211; e o Governo a\u00ed entra como comprador de servi\u00e7o, n\u00e3o como financiador.<\/p>\n<p style=\"text-align: justify;\">Por que o Costa Pinto, cuja origem \u00e9 similar (a resid\u00eancia e cole\u00e7\u00e3o particular de um empres\u00e1rio nacionalista e com vis\u00e3o cosmpolita), n\u00e3o se mat\u00e9m assim? Porque o empresariado bahiano n\u00e3o v\u00ea ganho algum em financiar museu &#8211; prefere financiar abad\u00e1 de bloco.<\/p>\n<p style=\"text-align: justify;\">Exemplo. Quando Jean-Paul Sartre fez 100 anos, a Alian\u00e7a Francesa (na Ladeira da Barra, Corredor da Vit\u00f3ria) fez uma s\u00e9rie de leituras dram\u00e1ticas de sua obra-prima, <em>Entre Quatro Paredes<\/em>. A menos de meia quadra de dist\u00e2ncia ficava a sede do Curso Pr\u00e9-vestibular e Col\u00e9gio Sartre, na Gra\u00e7a. A quem os atores recorreram em busca de apoio e patroc\u00ednio. Negado. Alega\u00e7\u00e3o: a cota de patroc\u00ednio naquele ano tinha sido toda gasta com festas de ax\u00e9 e trios de carnaval&#8230;<\/p>\n<p style=\"text-align: justify;\">Quando digo que a responsabilidade \u00e9 do Secret\u00e1rio Meirelles, \u00e9 porque cabe a ele tamb\u00e9m provocar uma mudan\u00e7a mais direta do empresariado bahiano. Chamar os grandes pra conversar (talvez n\u00e3o a Odebrecht, que faz sua parte desde sempre, com uso permanente do TCA para propaganda institucional, por exemplo. Mas Dr. Norberto \u00e9 da estirpe de Castro Maia, Walter Salles e Carlos Costa Pinto. Da velha Bahia culta) e dizer-lhes: cabe a voc\u00eas promover a cultura patrimonial, junto com o Estado que ainda tem de fomentar a cultura popular; no Rio, em Sampa e em Minas \u00e9 assim. N\u00e3o \u00e9 voc\u00eas que se queixam que a Bahia \u00e9 &#8220;provinciana&#8221;? Ent\u00e3o, comecem por deixar de ser.<\/p>\n<p style=\"text-align: justify;\">H\u00e1 o problema da elitiza\u00e7\u00e3o. O Costa Pinto \u00e9 luxuoso, mas o Rodin Bahia tamb\u00e9m \u00e9. No entanto, este \u00e9 mais convidativo ao povo, que se sente confort\u00e1vel de ir de chinela. O Costa Pinto n\u00e3o: elitizado, com funcionamento pouco profissional (o seu excelente Caf\u00e9 Balangand\u00e3 abre quando quer e bem entende), acaba sendo um museu para turistas. A popula\u00e7\u00e3o n\u00e3o o frequenta como frequenta o MAM Solar do Unh\u00e3o e mesmo o Museu de Arte da Bahia, logo em frente no Corredor da Vit\u00f3ria. Com isso, o Costa Pinto segue um modelo &#8220;Pelourinho de ACM&#8221;: um patrim\u00f4nio que a popula\u00e7\u00e3o bahiana n\u00e3o consegue reconhecer como seu &#8211; porque na pr\u00e1tica segue a l\u00f3gica prostituta e escravocrata de pertencer ao turista.<\/p>\n<p style=\"text-align: justify;\">No limite, penso que o Costa Pinto pode sim ser estatizado. A Bahia tem know-how reconhecido em gest\u00e3o de museus. E a cidade carece ainda de dois tipos de museus que as outras duas grandes capitais do pa\u00eds tem: <a href=\"https:\/\/www.ultimobaile.com\/?p=931\" target=\"_blank\">um de Arte Contempor\u00e2nea<\/a>, como j\u00e1 disse antes, e um Hist\u00f3rico. O Costa Pinto faria as vezes deste \u00faltimo.<\/p>\n","protected":false},"excerpt":{"rendered":"<p>A quest\u00e3o que se avoluma desta vez contra o Secret\u00e1rio Estadual de Cultura, Marcio Meirelles, \u00e9 a da suposta fal\u00eancia do Museu Carlos Costa Pinto &#8211; maior acervo privado de pe\u00e7as hist\u00f3ricas do pa\u00eds. Em que pese que desde j\u00e1 deixo claro uma coisa: a culpa n\u00e3o \u00e9, como M\u00e1rio [&hellip;]<\/p>\n","protected":false},"author":2,"featured_media":0,"comment_status":"closed","ping_status":"open","sticky":false,"template":"","format":"standard","meta":{"footnotes":""},"categories":[9],"tags":[788,787,789,152,786,15,114],"class_list":["post-1212","post","type-post","status-publish","format-standard","hentry","category-01viver","tag-chacara-do-acude","tag-chacara-do-ceu","tag-colecao-castro-maia","tag-marcio-meirelles","tag-museu-carlos-costa-pinto","tag-salvador","tag-secretaria-de-cultura-do-estado-da-bahia"],"_links":{"self":[{"href":"https:\/\/www.ultimobaile.com\/index.php?rest_route=\/wp\/v2\/posts\/1212","targetHints":{"allow":["GET"]}}],"collection":[{"href":"https:\/\/www.ultimobaile.com\/index.php?rest_route=\/wp\/v2\/posts"}],"about":[{"href":"https:\/\/www.ultimobaile.com\/index.php?rest_route=\/wp\/v2\/types\/post"}],"author":[{"embeddable":true,"href":"https:\/\/www.ultimobaile.com\/index.php?rest_route=\/wp\/v2\/users\/2"}],"replies":[{"embeddable":true,"href":"https:\/\/www.ultimobaile.com\/index.php?rest_route=%2Fwp%2Fv2%2Fcomments&post=1212"}],"version-history":[{"count":4,"href":"https:\/\/www.ultimobaile.com\/index.php?rest_route=\/wp\/v2\/posts\/1212\/revisions"}],"predecessor-version":[{"id":4384,"href":"https:\/\/www.ultimobaile.com\/index.php?rest_route=\/wp\/v2\/posts\/1212\/revisions\/4384"}],"wp:attachment":[{"href":"https:\/\/www.ultimobaile.com\/index.php?rest_route=%2Fwp%2Fv2%2Fmedia&parent=1212"}],"wp:term":[{"taxonomy":"category","embeddable":true,"href":"https:\/\/www.ultimobaile.com\/index.php?rest_route=%2Fwp%2Fv2%2Fcategories&post=1212"},{"taxonomy":"post_tag","embeddable":true,"href":"https:\/\/www.ultimobaile.com\/index.php?rest_route=%2Fwp%2Fv2%2Ftags&post=1212"}],"curies":[{"name":"wp","href":"https:\/\/api.w.org\/{rel}","templated":true}]}}