{"id":1210,"date":"2009-06-27T23:07:04","date_gmt":"2009-06-28T02:07:04","guid":{"rendered":"http:\/\/www.ultimobaile.com\/?p=1210"},"modified":"2025-12-24T13:03:40","modified_gmt":"2025-12-24T16:03:40","slug":"a-fogueira-que-wagner-nao-pulou","status":"publish","type":"post","link":"https:\/\/www.ultimobaile.com\/?p=1210","title":{"rendered":"A fogueira que Wagner (n\u00e3o) pulou"},"content":{"rendered":"<p style=\"text-align: justify;\">O governador cometeu de uma s\u00f3 vez dupla irresponsabilidade e uma gafe, no feriado de S\u00e3o Jo\u00e3o &#8211; coisa incomum para ele e indigna de sua j\u00e1 lend\u00e1ria civilidade, diplomacia e assertividade. Ausentou-se do Estado, quando seu governo promovia a maior e mais descentralizada festa popular do mundo, e foi pra Argentina, sob risco de voltar suinamente (como Geddel) gripado.<\/p>\n<p style=\"text-align: justify;\">Por mais que se diga que ele participou de quase tudo no m\u00eas inteiro de festejos juninos oficiais, e seus secret\u00e1rios tamb\u00e9m, a Noite de S\u00e3o Jo\u00e3o \u00e9 cuminante &#8211; e dela ele n\u00e3o deveria se ausentar mesmo que n\u00e3o estivesse promovendo nada. E o fato de seu governo ser fortemente atuante na \u00e1rea n\u00e3o o redime da gafe &#8211; torna-a maior.<\/p>\n<p style=\"text-align: justify;\">N\u00e3o teve maior custo pol\u00edtico. Mas, se voltasse de Buenos Aires dando um espirro al\u00e9rgico que fosse teria de governar de uma sala isolada do Hospital (art-decor e j\u00e1 tombado) Oct\u00e1vio Mangabeira &#8211; e n\u00e3o da cidade her\u00f3ica de Cachoeira, como ele fez acontecer desde 2007, em comemora\u00e7\u00e3o a Guerra de Independ\u00eancia do Brasil (de 25 de junho de 1822 a 2 de julho de 1823). E esta, sim, seria uma gafe irrepar\u00e1vel &#8211; e com um custo pol\u00edtico que eu n\u00e3o desejaria nem a um z\u00e9-sarney da vida.<\/p>\n<p style=\"text-align: justify;\">Fica a\u00ed o cascudo, Galego. E olha que esse proustiano decadente e xibieteiro que c\u00e1 batuca lhe ap\u00f3ia&#8230;<\/p>\n","protected":false},"excerpt":{"rendered":"<p>O governador cometeu de uma s\u00f3 vez dupla irresponsabilidade e uma gafe, no feriado de S\u00e3o Jo\u00e3o &#8211; coisa incomum para ele e indigna de sua j\u00e1 lend\u00e1ria civilidade, diplomacia e assertividade. Ausentou-se do Estado, quando seu governo promovia a maior e mais descentralizada festa popular do mundo, e foi [&hellip;]<\/p>\n","protected":false},"author":2,"featured_media":0,"comment_status":"closed","ping_status":"open","sticky":false,"template":"","format":"standard","meta":{"footnotes":""},"categories":[9],"tags":[783,20,285,784,785,140,15,65],"class_list":["post-1210","post","type-post","status-publish","format-standard","hentry","category-01viver","tag-argentina","tag-bahia","tag-brasil","tag-buenos-aires","tag-gripe-suina","tag-jaques-wagner","tag-salvador","tag-sao-joao"],"_links":{"self":[{"href":"https:\/\/www.ultimobaile.com\/index.php?rest_route=\/wp\/v2\/posts\/1210","targetHints":{"allow":["GET"]}}],"collection":[{"href":"https:\/\/www.ultimobaile.com\/index.php?rest_route=\/wp\/v2\/posts"}],"about":[{"href":"https:\/\/www.ultimobaile.com\/index.php?rest_route=\/wp\/v2\/types\/post"}],"author":[{"embeddable":true,"href":"https:\/\/www.ultimobaile.com\/index.php?rest_route=\/wp\/v2\/users\/2"}],"replies":[{"embeddable":true,"href":"https:\/\/www.ultimobaile.com\/index.php?rest_route=%2Fwp%2Fv2%2Fcomments&post=1210"}],"version-history":[{"count":2,"href":"https:\/\/www.ultimobaile.com\/index.php?rest_route=\/wp\/v2\/posts\/1210\/revisions"}],"predecessor-version":[{"id":4385,"href":"https:\/\/www.ultimobaile.com\/index.php?rest_route=\/wp\/v2\/posts\/1210\/revisions\/4385"}],"wp:attachment":[{"href":"https:\/\/www.ultimobaile.com\/index.php?rest_route=%2Fwp%2Fv2%2Fmedia&parent=1210"}],"wp:term":[{"taxonomy":"category","embeddable":true,"href":"https:\/\/www.ultimobaile.com\/index.php?rest_route=%2Fwp%2Fv2%2Fcategories&post=1210"},{"taxonomy":"post_tag","embeddable":true,"href":"https:\/\/www.ultimobaile.com\/index.php?rest_route=%2Fwp%2Fv2%2Ftags&post=1210"}],"curies":[{"name":"wp","href":"https:\/\/api.w.org\/{rel}","templated":true}]}}