{"id":1199,"date":"2009-06-18T18:34:59","date_gmt":"2009-06-18T21:34:59","guid":{"rendered":"http:\/\/www.ultimobaile.com\/?p=1199"},"modified":"2025-12-24T13:03:40","modified_gmt":"2025-12-24T16:03:40","slug":"sobre-o-circuito-osmar-de-mao-unica","status":"publish","type":"post","link":"https:\/\/www.ultimobaile.com\/?p=1199","title":{"rendered":"Sobre o Circuito Osmar, de m\u00e3o \u00fanica"},"content":{"rendered":"<p style=\"text-align: justify;\">Quando soube que n\u00e3o mais existiria o trecho da Avenida Carlos Gomes no circuito carnavalesco do Campo Grande tamb\u00e9m fiquei preocupado. Primeira pergunta que me ocorreu: &#8220;e os Filhos de Gandhy? v\u00e3o subir por onde?&#8221;. O Gandhy, pra quem n\u00e3o sabe, nunca desce a Avenida Sete de Setembro. Saem do Pelourinho, depois de arriar o <em>pad\u00ea de Ex\u00fa<\/em>, e sobem a Carlos Gomes at\u00e9 o Campo Grande. \u00c9 assim a 60 anos, desde o tempo em que tinha bonde.<\/p>\n<p style=\"text-align: justify;\">Hoje, vi as explica\u00e7\u00f5es do presidente do <strong>Conselho Municipal do Carnaval<\/strong>, Fernando Bulhosa. Bulhosa representa os blocos de trio (a.k.a.: o axe-sistem), portanto n\u00e3o poderia ser mais suspeito. No entanto sua fala frisa a decis\u00e3o un\u00e2nime dos 25 conselheiros, e que a Carlos Gomes vai continuar existindo como uma primeira-envolvente (o que na pr\u00e1tica ela j\u00e1 tem sido a um punhado de anos) para manifesta\u00e7\u00f5es populares espont\u00e2neas.<\/p>\n<p style=\"text-align: justify;\">Manifesta\u00e7\u00f5es populares espont\u00e2neas significa <em>A Mudan\u00e7a do Garcia<\/em> (bloco tradicional de xibietagem porra-louca, que inclui jegues enfeitados e travestis de todos os g\u00eaneros. O sambista Riach\u00e3o \u00e9 um dos fundadores do bloco), samba do Largo dos Aflitos, e eventualmente o rockizinho do Largo Dois de Julho.<\/p>\n<p style=\"text-align: justify;\">Isto significa que a Carlos Gomes pode se tornar o primeiro passo para adotar uma solu\u00e7\u00e3o recifense bastante funcional: p\u00f3los fixos. Foi tentada em 2008 no Rio Vermelho, com sucesso (houve palco de samba, de jazz, de chorinho e de rock, e o mini-trio dos Retrofoguetes). Na Carlos Gomes, a Pra\u00e7a Castro Alves seria o p\u00f3lo de fim do desfile (como historicamente sempre o foi), e os outros dois eu j\u00e1 citei a\u00ed.<\/p>\n<p style=\"text-align: justify;\">E o Gandhy? Continua subindo com seus 10mil homens de branco, alfazemas e turbantes pela Carlos Gomes &#8211; agora livre (e sem ter de ficar negociando a entrada com os blocos de abad\u00e1 &#8211; ora muito gentis, ora provocando espancamento institucional, como o Chicret\u00e3o fez em 2006). E arrastando sua multid\u00e3o fiel (eu incluso). Algu\u00e9m pode dizer que se perderia o efeito &#8220;tapete branco&#8221;. Em parte, mas o trecho que vai do in\u00edcio da Rua Chile ao Edif\u00edcio Sulacap daria bons meio-quil\u00f4metro desta experi\u00eancia est\u00e9tica de enxer os olhos.<\/p>\n<p style=\"text-align: justify;\">\u00c9 uma solu\u00e7\u00e3o inteligente para um circuito que estava morrendo.\u00a0Solu\u00e7\u00e3o esta\u00a0que se coaduna com as investidas para revitalizar a \u00e1rea em outras \u00e9pocas (como o Centro Cultural da Barroquinha, o Unibanco Arteplex Glauber Rocha, etc).<\/p>\n<p style=\"text-align: justify;\">Eis que estou elogiando uma decis\u00e3o da Gest\u00e3o Jo\u00e3o Henrique Carneiro? Sim, mas justamente n\u00e3o \u00e9 culpa dele essa melhora. Ela \u00e9 fruto da amplifica\u00e7\u00e3o e modifica\u00e7\u00e3o do Conselho do Carnaval (na Lei Org\u00e2nica do Munic\u00edpio), \u00faltimo ato do Prof. Paulo Costa Lima a frente da <strong>Funda\u00e7\u00e3o Greg\u00f3rio de Mattos<\/strong> (que \u00e9 quem administra a Cultura no \u00e2mbito municipal). A partir desta mudan\u00e7a, \u00f3rg\u00e3os p\u00fablicos e privados de cultura passaram a ter assento (antes, era s\u00f3 de turismo), e os blocos afro ganharam mais voz. T\u00e1 a\u00ed o resultado: nada como o perfume da democracia&#8230;!<\/p>\n<p style=\"text-align: justify;\">O primeiro mandato de Jo\u00e3o Henrique foi sustent\u00e1vel e razo\u00e1vel porque ele tinha ao redor dele a fina-flor da intelectualidade org\u00e2nica de centro &amp; esquerda: de Nestor Duarte (PSDB) a Ol\u00edvia Santana (PCdoB). Hoje, s\u00f3 tem bur(r)ot\u00e9cnicos &#8211; uma vez que at\u00e9 os tucanos, vice na sua chapa original, romperam com ele.<\/p>\n<p style=\"text-align: justify;\">Mostra tamb\u00e9m que mesmo o empresariado do axezismo come\u00e7a a reconhecer a necessidade da pipoca e da diversidade pra que seu neg\u00f3cio sobreviva (afinal, a decis\u00e3o foi un\u00e2nime, e presidida por Bulhosa). Isso j\u00e1 repontou esse ano ao longo do carnaval, e depois, tendo seu \u00e1pice quando o <em>Trof\u00e9u Dod\u00f4 &amp; Osmar<\/em> resolveu incluir a categoria Melhor Pipoca (levada ali\u00e1s, creio, pelo Retrofoguetes).<\/p>\n<p style=\"text-align: justify;\">Ainda falta muito. Falta universalizar os p\u00f3los para a Ribeira, o Rio Vermelho, e outros bairros hist\u00f3ricos.\u00a0Falta permitir a entrada de pipoca ao lado da corda no setor de avalia\u00e7\u00f5es do desfile (em frente ao Teatro Castro Alves). Mas que \u00e9 um passo hist\u00f3rico, \u00e9!<\/p>\n","protected":false},"excerpt":{"rendered":"<p>Quando soube que n\u00e3o mais existiria o trecho da Avenida Carlos Gomes no circuito carnavalesco do Campo Grande tamb\u00e9m fiquei preocupado. Primeira pergunta que me ocorreu: &#8220;e os Filhos de Gandhy? v\u00e3o subir por onde?&#8221;. O Gandhy, pra quem n\u00e3o sabe, nunca desce a Avenida Sete de Setembro. Saem do [&hellip;]<\/p>\n","protected":false},"author":2,"featured_media":0,"comment_status":"closed","ping_status":"open","sticky":false,"template":"","format":"standard","meta":{"footnotes":""},"categories":[9],"tags":[770,769,78,20,268,66,768,774,772,775,771,773,77,15],"class_list":["post-1199","post","type-post","status-publish","format-standard","hentry","category-01viver","tag-avenida-carlos-gomes","tag-avenida-sete","tag-axezismo","tag-bahia","tag-campo-grande","tag-carnaval","tag-circuito-osmar","tag-conselho-municipal-do-carnaval","tag-filhos-de-gandhy","tag-fundacao-gregorio-de-mattos","tag-largo-dois-de-julho","tag-mudanca-do-garcia","tag-pos-axezismo","tag-salvador"],"_links":{"self":[{"href":"https:\/\/www.ultimobaile.com\/index.php?rest_route=\/wp\/v2\/posts\/1199","targetHints":{"allow":["GET"]}}],"collection":[{"href":"https:\/\/www.ultimobaile.com\/index.php?rest_route=\/wp\/v2\/posts"}],"about":[{"href":"https:\/\/www.ultimobaile.com\/index.php?rest_route=\/wp\/v2\/types\/post"}],"author":[{"embeddable":true,"href":"https:\/\/www.ultimobaile.com\/index.php?rest_route=\/wp\/v2\/users\/2"}],"replies":[{"embeddable":true,"href":"https:\/\/www.ultimobaile.com\/index.php?rest_route=%2Fwp%2Fv2%2Fcomments&post=1199"}],"version-history":[{"count":4,"href":"https:\/\/www.ultimobaile.com\/index.php?rest_route=\/wp\/v2\/posts\/1199\/revisions"}],"predecessor-version":[{"id":4387,"href":"https:\/\/www.ultimobaile.com\/index.php?rest_route=\/wp\/v2\/posts\/1199\/revisions\/4387"}],"wp:attachment":[{"href":"https:\/\/www.ultimobaile.com\/index.php?rest_route=%2Fwp%2Fv2%2Fmedia&parent=1199"}],"wp:term":[{"taxonomy":"category","embeddable":true,"href":"https:\/\/www.ultimobaile.com\/index.php?rest_route=%2Fwp%2Fv2%2Fcategories&post=1199"},{"taxonomy":"post_tag","embeddable":true,"href":"https:\/\/www.ultimobaile.com\/index.php?rest_route=%2Fwp%2Fv2%2Ftags&post=1199"}],"curies":[{"name":"wp","href":"https:\/\/api.w.org\/{rel}","templated":true}]}}