{"id":1194,"date":"2009-06-16T23:55:58","date_gmt":"2009-06-17T02:55:58","guid":{"rendered":"http:\/\/www.ultimobaile.com\/?p=1194"},"modified":"2025-12-24T13:03:40","modified_gmt":"2025-12-24T16:03:40","slug":"sao-paulo-mergulhando-de-cabeca-no-mediocrismo-carlista","status":"publish","type":"post","link":"https:\/\/www.ultimobaile.com\/?p=1194","title":{"rendered":"S\u00e3o Paulo: mergulhando de cabe\u00e7a no mediocrismo carlista"},"content":{"rendered":"<p style=\"text-align: justify;\">Uma s\u00e9rie de fatos recentes na cidade de S\u00e3o Paulo v\u00eam me confirmar algo que comecei a suspeitar na \u00faltima visita \u00e0 cidade, ano passado. A sensa\u00e7\u00e3o que tenho \u00e9 que Sampa entra num processo de mediocriza\u00e7\u00e3o similar, mas n\u00e3o id\u00eantico, \u00e0quele do qual Salvador come\u00e7ou a sair h\u00e1 alguns anos.<\/p>\n<p style=\"text-align: justify;\">Primeiro, me veio a sensa\u00e7\u00e3o de que o que eu amava em Sampa de algum modo se perdeu: sua ampl\u00edssima toler\u00e2ncia e real interesse pelo diferente, o ex\u00f3tico. Isso, que o Rio de Janeiro tem em escala nacional, e Salvador em escala inter-atl\u00e2ntica, Sampa tinha em escala mundial! Aliado a isso, uma sensa\u00e7\u00e3o plena de liberdade &#8211; quase t\u00e1ctil, que ia do h\u00e1bito de perambular at\u00e9 de madrugada, \u00e0 possibilidade de flertar e puxar conversa com quem bem quisesse.<\/p>\n<p style=\"text-align: justify;\">Essa sensa\u00e7\u00e3o j\u00e1 n\u00e3o estava l\u00e1 em abril de 2008. Agora, tr\u00eas fatos ao menos v\u00eam corroborar isso:<\/p>\n<blockquote>\n<p style=\"text-align: justify;\">1) A invas\u00e3o do campus da USP. 120% dos bahianos devem ter sentido cheiro de <a href=\"http:\/\/www.faced.ufba.br\/manifest.php\" target=\"_blank\">16 de maio de 2001<\/a>, ao verem isso;<\/p>\n<p style=\"text-align: justify;\">2) Atentado a bomba no fim da 13\u00aa Parada Gay, domingo agora. 3 milh\u00f5es de pessoas \u00e9 o que Salvador tem nas ruas, todo dia, por cinco dias, todo Carnaval. <a href=\"https:\/\/www.ultimobaile.com\/?p=874\" target=\"_blank\">E \u00e9 seguro!<\/a> O de Recife, nem t\u00e3o seguro assim (minha experi\u00eancia de pipoca da Timbalada em Salvador avisa: algum dia, aquele aglomerado sem sa\u00edda nem policiamento ostensivo do Galo da Madrugada ainda vai dar merda), n\u00e3o acontece nada parecido. Ora, Parada Gay de Sampa \u00e9 como Carnaval na Bahia. Houve momentos de descontrole, na festa c\u00e1 na Diasp\u00f3rica? Sim, e at\u00e9 de abuso, como a agress\u00e3o da Pol\u00edcia Militar aos Filhos de Gandhy, a pedido do Chiclete com Banana, em 2006. Mas nunca a pr\u00f3pria popula\u00e7\u00e3o prop\u00f4s ou executou uma sabotagem sistem\u00e1tica \u00e0 pr\u00f3pria Festa C\u00edvica da cidade &#8211; nem se v\u00ea viol\u00eancia homof\u00f3bica no circuito (e quando h\u00e1, a PM coibe no ato, que eu j\u00e1 vi);<\/p>\n<p style=\"text-align: justify;\">3) a id\u00e9ia bizarra de remover a L\u00f4ca, que nem rigorosamente boate gay \u00e9, da Frei Caneca. A L\u00f4ca \u00e9 um patrim\u00f4nio de quase 20 anos, exemplo de toler\u00e2ncia inter-tribus, que tem de mauricinho a maconheiro, de travesti a rockeiro l\u00e1 dentro. E todo mundo se respeita e se diverte. E n\u00e3o faz ru\u00eddo na rua. Ocupa a rua quando tem fila &#8211; mas no Rio Vermelho, em Salvador, tamb\u00e9m. E ningu\u00e9m pensa em retirar a Boomerangue, ou a Pir\u00e2mide, do Rio Vermelho &#8211; nem o mais carlista dos habitantes do bairro.<\/p>\n<\/blockquote>\n<p style=\"text-align: justify;\">Olhando assim, parecem fatos isolados. Minha hip\u00f3tese \u00e9 que s\u00e3o sistemicamente concatenados, fruto da onda moralista que S\u00e3o Paulo entrou desde 2004. Moralismo principalmente \u00e0 direita, mas tamb\u00e9m \u00e0 esquerda: o que foi a campanha de Marta Suplicy \u00e0 prefeitura, ano passado, sen\u00e3o moralismo torpe e rastaquera (ali\u00e1s, indigno dela)?!<\/p>\n<p style=\"text-align: justify;\">Quando cham\u00e1vamos Salvador de &#8220;Capital mundial da mediocridade&#8221; diziamos: &#8220;amamos Salvador, ela \u00e9 que n\u00e3o nos ama de volta&#8221;. Com isso, n\u00e3o nos referiamos \u00e0 infra-estrutura (que continua uma bosta), mas \u00e0 mentalidade: o que de melhor a Bahia tinha &#8211; a gentileza, a multiculturalidade, a capacidade criativa ao mesmo tempo erudita e escrachadamente popular &#8211; havia se perdido.<\/p>\n<p style=\"text-align: justify;\">O paulistano se encontra hoje na mesma situa\u00e7\u00e3o: mal-suporta a cidade que diz amar. E n\u00e3o mal-suporta apenas pelo transito, contra o qual pragueja. Certamente o clima envenenado (e n\u00e3o falo da polui\u00e7\u00e3o do ar) est\u00e1 insuport\u00e1vel &#8211; embora eles n\u00e3o tenham se dado conta disso ainda.<\/p>\n<p style=\"text-align: justify;\">E talvez nunca venham a se dar: n\u00e3o h\u00e1 povo no Brasil mais avesso \u00e0 auto-cr\u00edtica e \u00e0 critica externa do que os paulistanos. Em Salvador, nos criticamos ao limite do masoquismo, e aceitamos quase todo tipo de vitup\u00e9rio que Recife nos enfiava ouvido a dentro (na maior parte das vezes, com raz\u00e3o). Essa foi a formula pra formar uma massa pensante e producente que fizesse a\u00e7\u00f5es anti-c\u00edclicas para sairmos do carlo-axezismo. Funcionou, ou tem funcionado (embora isso gere uma necessidade de mudan\u00e7a c\u00e9lere na infra-estrutura &#8211; o \u00faltimo basti\u00e3o da jequice em Salvador \u00e9 ter de ter carro pra sair de noite&#8230;).<\/p>\n<p style=\"text-align: justify;\">Evidente que o processo de re-ascens\u00e3o soteropolitana, e queda paulista, n\u00e3o acontecem juntos por acaso. Boa parte da mediocridade bahiana era garantida porque a paulistada usava a cidade como se fosse uma &#8220;Cuba de Batista&#8221; &#8211; S\u00e3o Paulo financiava o axezismo, e o carlismo foi uma importa\u00e7\u00e3o da trucul\u00eancia integral-constitucionalista-de-1932 para um estado em que a pol\u00edtica e a inteligentsia sempre foi pautada pela gentileza, de Oct\u00e1vio Mangabeira a Milton Santos.<\/p>\n<p style=\"text-align: justify;\">N\u00e3o sei se Sampa ser\u00e1 capaz de fazer tal mea-culpa &#8211; e com isso, \u00e9 forte candidata para em breve herdar o t\u00edtulo que foi de Salvador: &#8220;Capital Mundial da Mediocridade&#8221;.<\/p>\n","protected":false},"excerpt":{"rendered":"<p>Uma s\u00e9rie de fatos recentes na cidade de S\u00e3o Paulo v\u00eam me confirmar algo que comecei a suspeitar na \u00faltima visita \u00e0 cidade, ano passado. A sensa\u00e7\u00e3o que tenho \u00e9 que Sampa entra num processo de mediocriza\u00e7\u00e3o similar, mas n\u00e3o id\u00eantico, \u00e0quele do qual Salvador come\u00e7ou a sair h\u00e1 alguns [&hellip;]<\/p>\n","protected":false},"author":2,"featured_media":0,"comment_status":"closed","ping_status":"open","sticky":false,"template":"","format":"standard","meta":{"footnotes":""},"categories":[9],"tags":[763,85,502,243,760,761,314,762],"class_list":["post-1194","post","type-post","status-publish","format-standard","hentry","category-01viver","tag-a-loca","tag-carlismo","tag-jose-serra","tag-mediocridade","tag-moralismo","tag-parada-gay","tag-sao-paulo","tag-usp"],"_links":{"self":[{"href":"https:\/\/www.ultimobaile.com\/index.php?rest_route=\/wp\/v2\/posts\/1194","targetHints":{"allow":["GET"]}}],"collection":[{"href":"https:\/\/www.ultimobaile.com\/index.php?rest_route=\/wp\/v2\/posts"}],"about":[{"href":"https:\/\/www.ultimobaile.com\/index.php?rest_route=\/wp\/v2\/types\/post"}],"author":[{"embeddable":true,"href":"https:\/\/www.ultimobaile.com\/index.php?rest_route=\/wp\/v2\/users\/2"}],"replies":[{"embeddable":true,"href":"https:\/\/www.ultimobaile.com\/index.php?rest_route=%2Fwp%2Fv2%2Fcomments&post=1194"}],"version-history":[{"count":2,"href":"https:\/\/www.ultimobaile.com\/index.php?rest_route=\/wp\/v2\/posts\/1194\/revisions"}],"predecessor-version":[{"id":1821,"href":"https:\/\/www.ultimobaile.com\/index.php?rest_route=\/wp\/v2\/posts\/1194\/revisions\/1821"}],"wp:attachment":[{"href":"https:\/\/www.ultimobaile.com\/index.php?rest_route=%2Fwp%2Fv2%2Fmedia&parent=1194"}],"wp:term":[{"taxonomy":"category","embeddable":true,"href":"https:\/\/www.ultimobaile.com\/index.php?rest_route=%2Fwp%2Fv2%2Fcategories&post=1194"},{"taxonomy":"post_tag","embeddable":true,"href":"https:\/\/www.ultimobaile.com\/index.php?rest_route=%2Fwp%2Fv2%2Ftags&post=1194"}],"curies":[{"name":"wp","href":"https:\/\/api.w.org\/{rel}","templated":true}]}}