{"id":1164,"date":"2009-06-10T09:28:38","date_gmt":"2009-06-10T12:28:38","guid":{"rendered":"http:\/\/www.ultimobaile.com\/?p=1164"},"modified":"2025-12-24T13:03:40","modified_gmt":"2025-12-24T16:03:40","slug":"a-antologia-do-samba-bahiano-na-pituba","status":"publish","type":"post","link":"https:\/\/www.ultimobaile.com\/?p=1164","title":{"rendered":"A antologia do samba bahiano, na Pituba."},"content":{"rendered":"<p><img decoding=\"async\" src=\"http:\/\/www.bahia-online.net\/images\/ratpack.jpg\" alt=\"\" \/><\/p>\n<p style=\"text-align: justify;\">\u00a0<\/p>\n<p style=\"text-align: justify;\">\u00a0<\/p>\n<p style=\"text-align: justify;\">\u00a0<\/p>\n<p style=\"text-align: justify;\">\u00a0<\/p>\n<p style=\"text-align: justify;\">\u00a0<\/p>\n<p style=\"text-align: justify;\">\u00a0<\/p>\n<p style=\"text-align: justify;\">\u00a0<\/p>\n<p style=\"text-align: justify;\">\u00a0<\/p>\n<p style=\"text-align: justify;\">\u00a0<\/p>\n<p style=\"text-align: justify;\">\u00a0<\/p>\n<p style=\"text-align: justify;\">\u00c9 com esta foto, discreta, na parede do fundo &#8211; quase como uma imagem de santo ou de orix\u00e1, ou foto de patriarca desbotada, que o <em>Bar Amendoeira<\/em> marca o fato de que sedia, desde m\u00eas passado, talvez o melhor samba da cidade.<\/p>\n<p style=\"text-align: justify;\">Pra quem n\u00e3o sacou, na foto est\u00e3o, por ordem: <strong>Edil Pacheco<\/strong>, <strong>Riach\u00e3o<\/strong>, <strong>Walmir Lima<\/strong>, <strong>Batatinha<\/strong> (embora discreto, rindo \u00e0 larga,\u00a0\u00a0o que era incomum para ele &#8211; e com a indefect\u00edvel caixinha de f\u00f3sforos pra batucar na m\u00e3o) e <strong>Ederaldo Gentil<\/strong>. Isto \u00e9: a fina flor do samba-duro urbano e do samba-can\u00e7\u00e3o da Bahia dos anos 30-50 e dos anos 60-80. Do tempo que o Largo dos Aflitos (onde a foto foi tirada, no bar que fica no por\u00e3o da casa da Fam\u00edlia Batatinha) tinha samba de verdade; e que o Chariot subia o Tabo\u00e3o; do tempo em que governava Antonio Baobino, e o bonde passava no Ponto dos 15 Mist\u00e9rios, dobrando a Nossa Senhora do Boqueir\u00e3o, indo do Bairro (Barbalho) pra Cidade (quer dizer, pro Largo do Terreiro, pra onde todo mundo ia&#8230;).<\/p>\n<p style=\"text-align: justify;\">O <em>Amendoeira<\/em> fica na Pituba &#8211; mas nem parece, j\u00e1 que recebe toda\u00a0quinta-feira a noite\u00a0<strong>Edil Pacheco<\/strong> e convidados (que v\u00e3o de Ger\u00f4nimo a Riach\u00e3o e Mariene de Castro). O projeto \u00e9 de uma das figuras emblem\u00e1ticas da boemia bahiana dos anos de abertura (aqueles, que elegeram Waldyr Pires governador): Alberto Oliveira; o bar, do antol\u00f3gico Moacir Neg\u00e3o (irm\u00e3o do L\u00f4ro, que tem a famosa barraca de praia e no carnaval).<\/p>\n<p style=\"text-align: justify;\">O <em>Amendoeira<\/em> fica na Rua Minas Geraes, quase em frente a filial do\u00a0Restaurante Gr\u00e3o de Arroz. Vale ressaltar que a cozinha \u00e9 \u00f3tima, a cerveja \u00e9 (em bom baina\u00eas) cu-de-foca.\u00a0E o bar, nesses dias de samba hist\u00f3rico,\u00a0lota! Os donos recomendam chegar cedo &#8211; bem antes das 20h. Segundo dizem, amanh\u00e3 \u00e9, por hora, o \u00faltimo dia do projeto &#8211; e \u00e9 \u00f3bvio que eu vou, sambar at\u00e9 cair no ch\u00e3o.<\/p>\n","protected":false},"excerpt":{"rendered":"<p>\u00a0 \u00a0 \u00a0 \u00a0 \u00a0 \u00a0 \u00a0 \u00a0 \u00a0 \u00a0 \u00c9 com esta foto, discreta, na parede do fundo &#8211; quase como uma imagem de santo ou de orix\u00e1, ou foto de patriarca desbotada, que o Bar Amendoeira marca o fato de que sedia, desde m\u00eas passado, talvez o melhor [&hellip;]<\/p>\n","protected":false},"author":2,"featured_media":0,"comment_status":"closed","ping_status":"open","sticky":false,"template":"","format":"standard","meta":{"footnotes":""},"categories":[11,10,12,9],"tags":[20,731,733,734,732,737,736,730,312,15,47,738,313,735],"class_list":["post-1164","post","type-post","status-publish","format-standard","hentry","category-01beber","category-01comer","category-01ver","category-01viver","tag-bahia","tag-bar-amendoeira","tag-batatinha","tag-ederaldo-gentil","tag-edil-pacheco","tag-loro","tag-moacir-negao","tag-pituba","tag-riachao","tag-salvador","tag-samba","tag-samba-cancao","tag-samba-duro","tag-walmir-lima"],"_links":{"self":[{"href":"https:\/\/www.ultimobaile.com\/index.php?rest_route=\/wp\/v2\/posts\/1164","targetHints":{"allow":["GET"]}}],"collection":[{"href":"https:\/\/www.ultimobaile.com\/index.php?rest_route=\/wp\/v2\/posts"}],"about":[{"href":"https:\/\/www.ultimobaile.com\/index.php?rest_route=\/wp\/v2\/types\/post"}],"author":[{"embeddable":true,"href":"https:\/\/www.ultimobaile.com\/index.php?rest_route=\/wp\/v2\/users\/2"}],"replies":[{"embeddable":true,"href":"https:\/\/www.ultimobaile.com\/index.php?rest_route=%2Fwp%2Fv2%2Fcomments&post=1164"}],"version-history":[{"count":8,"href":"https:\/\/www.ultimobaile.com\/index.php?rest_route=\/wp\/v2\/posts\/1164\/revisions"}],"predecessor-version":[{"id":4391,"href":"https:\/\/www.ultimobaile.com\/index.php?rest_route=\/wp\/v2\/posts\/1164\/revisions\/4391"}],"wp:attachment":[{"href":"https:\/\/www.ultimobaile.com\/index.php?rest_route=%2Fwp%2Fv2%2Fmedia&parent=1164"}],"wp:term":[{"taxonomy":"category","embeddable":true,"href":"https:\/\/www.ultimobaile.com\/index.php?rest_route=%2Fwp%2Fv2%2Fcategories&post=1164"},{"taxonomy":"post_tag","embeddable":true,"href":"https:\/\/www.ultimobaile.com\/index.php?rest_route=%2Fwp%2Fv2%2Ftags&post=1164"}],"curies":[{"name":"wp","href":"https:\/\/api.w.org\/{rel}","templated":true}]}}