{"id":1161,"date":"2009-06-09T12:58:05","date_gmt":"2009-06-09T15:58:05","guid":{"rendered":"http:\/\/www.ultimobaile.com\/?p=1161"},"modified":"2025-12-24T13:03:40","modified_gmt":"2025-12-24T16:03:40","slug":"o-maior-sao-joao-do-mundo","status":"publish","type":"post","link":"https:\/\/www.ultimobaile.com\/?p=1161","title":{"rendered":"O maior S\u00e3o-Jo\u00e3o do mundo!"},"content":{"rendered":"<p style=\"text-align: justify;\">Quarta-feira pr\u00f3xima, amanh\u00e3, dia 10 de junho, Salvador vai experienciar a maior abertura que o <a href=\"http:\/\/www.saojoaobahia.com.br:8080\/2009\/programacao\/index.jsp?cidade=744\" target=\"_blank\">S\u00e3o Jo\u00e3o da Bahia<\/a> j\u00e1 teve. Maior mesmo que o ano passado, quando pela primeira vez o Pelourinho teve uma programa\u00e7\u00e3o digna que inclu\u00eda <em>Cordel do Fogo Encantado<\/em>, <a href=\"http:\/\/www.myspace.com\/naurea\" target=\"_blank\">Naur\u00eaa<\/a> e outras p\u00e9rolas do p\u00f3s-Mangue.<\/p>\n<p style=\"text-align: justify;\">O clima j\u00e1 \u00e9 de pr\u00e9-festa h\u00e1 duas semanas, na capital e no interior: ensaios de <strong>samba junino<\/strong> (que s\u00f3 tem na Bahia, e que desde ano passado tem recebido fomento direto da Secretaria de Cultura do Estado &#8211; mas, segundo Mario Kertzs, Aninha Franco e o Egun de ACM, M\u00e1rcio Meirelles n\u00e3o presta, n\u00e3o faz nada, blablabla), forr\u00f3s excelentes gratuitos e pagos de Itapo\u00e3 at\u00e9 a Ribeira, etc.<\/p>\n<p style=\"text-align: justify;\">Eu mesmo sai de segunda a domingo, semana passada.<\/p>\n<p style=\"text-align: justify;\">Mas, vamos ao que interessa. A abertura oficial, no Terreiro de Jesus, Pelourinho (que &#8220;est\u00e1 abandonado&#8221; &#8211; sic) vai ser mega! Abre a noite <a href=\"http:\/\/www.youtube.com\/watch?v=TsEHHrfqnlM\" target=\"_blank\">Orquestra Sanf\u00f4nica de Aracaj\u00fa<\/a>; na sequ\u00eancia, a melhor sif\u00f4nica j\u00f3vem da Am\u00e9rica Latina, a <a href=\"http:\/\/www.youtube.com\/watch?v=ZTuQf2Vt5-E&amp;feature=related\" target=\"_blank\">Neojib\u00e1\/Dois de Julho<\/a>, regida por Ricardo Castro em pessoa; depois, o deslumbrante <a href=\"http:\/\/www.myspace.com\/grupovozesreveladas\" target=\"_blank\">Coral Vozes Reveladas<\/a>; no auge, <strong>Elba Ramalho<\/strong>. Acabou? N\u00e3o! At\u00e9 3h da manh\u00e3, Targino Gondim (aquele da trilha sonora do filme <em>Eu, Tu, Eles<\/em>) forrofia no xiado da xinela, pro povo ralar bucho, bater coxa e fungar no cangote &#8211; \u00e9 proibido cochilar!<\/p>\n<p style=\"text-align: justify;\">Come\u00e7a \u00e0s 20h. Recomendo chegar at\u00e9 um pouco antes. \u00c9 um carnaval, com frio, e sem ax\u00e9-music.<\/p>\n<p style=\"text-align: justify;\">E vai ser nesse quilo, da\u00ed em diante, at\u00e9 dia 30 de junho. Sempre no Pel\u00f4.<\/p>\n<p style=\"text-align: justify;\">Quanto custa? NADA &#8211; \u00e9 de gra\u00e7a&#8230;<\/p>\n<p style=\"text-align: justify;\">Eu tenho inveja de mim mesmo por ser bahiano, \u00e0s vezes.<\/p>\n","protected":false},"excerpt":{"rendered":"<p>Quarta-feira pr\u00f3xima, amanh\u00e3, dia 10 de junho, Salvador vai experienciar a maior abertura que o S\u00e3o Jo\u00e3o da Bahia j\u00e1 teve. Maior mesmo que o ano passado, quando pela primeira vez o Pelourinho teve uma programa\u00e7\u00e3o digna que inclu\u00eda Cordel do Fogo Encantado, Naur\u00eaa e outras p\u00e9rolas do p\u00f3s-Mangue. O [&hellip;]<\/p>\n","protected":false},"author":2,"featured_media":0,"comment_status":"closed","ping_status":"open","sticky":false,"template":"","format":"standard","meta":{"footnotes":""},"categories":[11,10,12,9],"tags":[20,222,616,728,617,618,619,729,195,15,47,65,489,223,224],"class_list":["post-1161","post","type-post","status-publish","format-standard","hentry","category-01beber","category-01comer","category-01ver","category-01viver","tag-bahia","tag-baiao","tag-coco","tag-elba-ramalho","tag-j2j","tag-neojiba","tag-orquestra-dois-de-julho","tag-orquestra-sanfonica-de-aracaju","tag-pelourinho","tag-salvador","tag-samba","tag-sao-joao","tag-terreiro-de-jesus","tag-xaxado","tag-xote"],"_links":{"self":[{"href":"https:\/\/www.ultimobaile.com\/index.php?rest_route=\/wp\/v2\/posts\/1161","targetHints":{"allow":["GET"]}}],"collection":[{"href":"https:\/\/www.ultimobaile.com\/index.php?rest_route=\/wp\/v2\/posts"}],"about":[{"href":"https:\/\/www.ultimobaile.com\/index.php?rest_route=\/wp\/v2\/types\/post"}],"author":[{"embeddable":true,"href":"https:\/\/www.ultimobaile.com\/index.php?rest_route=\/wp\/v2\/users\/2"}],"replies":[{"embeddable":true,"href":"https:\/\/www.ultimobaile.com\/index.php?rest_route=%2Fwp%2Fv2%2Fcomments&post=1161"}],"version-history":[{"count":3,"href":"https:\/\/www.ultimobaile.com\/index.php?rest_route=\/wp\/v2\/posts\/1161\/revisions"}],"predecessor-version":[{"id":4392,"href":"https:\/\/www.ultimobaile.com\/index.php?rest_route=\/wp\/v2\/posts\/1161\/revisions\/4392"}],"wp:attachment":[{"href":"https:\/\/www.ultimobaile.com\/index.php?rest_route=%2Fwp%2Fv2%2Fmedia&parent=1161"}],"wp:term":[{"taxonomy":"category","embeddable":true,"href":"https:\/\/www.ultimobaile.com\/index.php?rest_route=%2Fwp%2Fv2%2Fcategories&post=1161"},{"taxonomy":"post_tag","embeddable":true,"href":"https:\/\/www.ultimobaile.com\/index.php?rest_route=%2Fwp%2Fv2%2Ftags&post=1161"}],"curies":[{"name":"wp","href":"https:\/\/api.w.org\/{rel}","templated":true}]}}