{"id":1159,"date":"2009-06-08T12:01:08","date_gmt":"2009-06-08T15:01:08","guid":{"rendered":"http:\/\/www.ultimobaile.com\/?p=1159"},"modified":"2025-12-24T13:03:40","modified_gmt":"2025-12-24T16:03:40","slug":"tres-exposicoes-na-caixa-cultural","status":"publish","type":"post","link":"https:\/\/www.ultimobaile.com\/?p=1159","title":{"rendered":"Tr\u00eas exposi\u00e7\u00f5es na Caixa Cultural"},"content":{"rendered":"<p>Imperd\u00edveis todas:<\/p>\n<p style=\"text-align: justify;\">1) <a href=\"http:\/\/www.caixacultural.com.br\/html\/main.aspx?idPrograma=931\" target=\"_blank\">A Arte Ind\u00edgena de Victor Brecheret<\/a>: embora acervo pequeno, inclusive em variedade de materiais (esbo\u00e7os em grafite e papel, moldes em barro, bronze e pedra), vale por contemplar o maior escultor brasileiro desde Aleijadinho. E o homem que dialogou a arte ind\u00edgena\u00a0marajoara com o nascente art-dec\u00f3 alem\u00e3o. G\u00eanio!;<\/p>\n<p style=\"text-align: justify;\">2) <a href=\"http:\/\/www.caixacultural.com.br\/html\/main.aspx?idPrograma=951\" target=\"_blank\">Cartazes de Pierre Mendell<\/a>. Mais do que propagandas de \u00f3pera, s\u00e3o obras de arte em si, daquelas para se ter em casa. De quebra, o programa s\u00e3o postais destac\u00e1veis com toda a obra de Mendell l\u00e1 exposta. \u00c9 de chorar&#8230;;<\/p>\n<p style=\"text-align: justify;\">3) <a href=\"http:\/\/www.caixacultural.com.br\/html\/main.aspx?idPrograma=917\" target=\"_blank\">Gabinete de Gravuras do MAM S\u00e3o Paulo<\/a>. A maior parte gravuras em preto e branco, mas tem interessantes obras de Fl\u00e1vio de Carvalho, Tarsila do Amaral, Goeldi, e outros.<\/p>\n<p style=\"text-align: justify;\">Parece que a Caixa Cultural esse ano est\u00e1 investindo nessa corrente: arte de origem ind\u00edgena\/naif (<a href=\"https:\/\/www.ultimobaile.com\/?p=1070\" target=\"_blank\">as tape\u00e7arias de Cola\u00e7o<\/a> m\u00eas passado, Brecheret agora); cartazes de \u00f3pera (come\u00e7ou com Eliseu Visconti em fevereiro) e gravurismo (come\u00e7ou com Maciej Babinsky m\u00eas passado).<\/p>\n<p style=\"text-align: justify;\">Fica at\u00e9 dia 28 de junho, de gra\u00e7a.<\/p>\n","protected":false},"excerpt":{"rendered":"<p>Imperd\u00edveis todas: 1) A Arte Ind\u00edgena de Victor Brecheret: embora acervo pequeno, inclusive em variedade de materiais (esbo\u00e7os em grafite e papel, moldes em barro, bronze e pedra), vale por contemplar o maior escultor brasileiro desde Aleijadinho. E o homem que dialogou a arte ind\u00edgena\u00a0marajoara com o nascente art-dec\u00f3 alem\u00e3o. [&hellip;]<\/p>\n","protected":false},"author":2,"featured_media":0,"comment_status":"closed","ping_status":"open","sticky":false,"template":"","format":"standard","meta":{"footnotes":""},"categories":[12,9],"tags":[721,20,285,648,722,726,727,472,725,475,724,723,15,720],"class_list":["post-1159","post","type-post","status-publish","format-standard","hentry","category-01ver","category-01viver","tag-arte-indigena","tag-bahia","tag-brasil","tag-caixa-cultural","tag-cartaz","tag-desenhos","tag-design","tag-escultura","tag-gravuras","tag-mam","tag-museu-de-arte-moderna-de-sao-paulo","tag-pierre-mendell","tag-salvador","tag-victor-brecheret"],"_links":{"self":[{"href":"https:\/\/www.ultimobaile.com\/index.php?rest_route=\/wp\/v2\/posts\/1159","targetHints":{"allow":["GET"]}}],"collection":[{"href":"https:\/\/www.ultimobaile.com\/index.php?rest_route=\/wp\/v2\/posts"}],"about":[{"href":"https:\/\/www.ultimobaile.com\/index.php?rest_route=\/wp\/v2\/types\/post"}],"author":[{"embeddable":true,"href":"https:\/\/www.ultimobaile.com\/index.php?rest_route=\/wp\/v2\/users\/2"}],"replies":[{"embeddable":true,"href":"https:\/\/www.ultimobaile.com\/index.php?rest_route=%2Fwp%2Fv2%2Fcomments&post=1159"}],"version-history":[{"count":1,"href":"https:\/\/www.ultimobaile.com\/index.php?rest_route=\/wp\/v2\/posts\/1159\/revisions"}],"predecessor-version":[{"id":1160,"href":"https:\/\/www.ultimobaile.com\/index.php?rest_route=\/wp\/v2\/posts\/1159\/revisions\/1160"}],"wp:attachment":[{"href":"https:\/\/www.ultimobaile.com\/index.php?rest_route=%2Fwp%2Fv2%2Fmedia&parent=1159"}],"wp:term":[{"taxonomy":"category","embeddable":true,"href":"https:\/\/www.ultimobaile.com\/index.php?rest_route=%2Fwp%2Fv2%2Fcategories&post=1159"},{"taxonomy":"post_tag","embeddable":true,"href":"https:\/\/www.ultimobaile.com\/index.php?rest_route=%2Fwp%2Fv2%2Ftags&post=1159"}],"curies":[{"name":"wp","href":"https:\/\/api.w.org\/{rel}","templated":true}]}}