{"id":1150,"date":"2009-06-06T10:36:09","date_gmt":"2009-06-06T13:36:09","guid":{"rendered":"http:\/\/www.ultimobaile.com\/?p=1150"},"modified":"2025-12-24T13:03:41","modified_gmt":"2025-12-24T16:03:41","slug":"o-xote-das-mocas","status":"publish","type":"post","link":"https:\/\/www.ultimobaile.com\/?p=1150","title":{"rendered":"O Xote das Mo\u00e7as"},"content":{"rendered":"<p style=\"text-align: justify;\">Amanh\u00e3, 20h, o <a href=\"http:\/\/www.youtube.com\/user\/sambadasmocas?gl=BR&amp;hl=pt\" target=\"_blank\">Samba das Mo\u00e7as<\/a> volta a ativa, fazendo um forrozinho no Tarrafa Botequim, Rio Vermelho. Boa pedida pra o esquente da mega-abertura do S\u00e3o Jo\u00e3o Da Bahia, quarta-feira pr\u00f3xima&#8230;<\/p>\n<p><img loading=\"lazy\" decoding=\"async\" class=\"aligncenter size-full wp-image-1151\" title=\"cartaz-xote\" src=\"https:\/\/www.ultimobaile.com\/wp-content\/uploads\/2009\/06\/cartaz-xote.jpg\" alt=\"cartaz-xote\" width=\"400\" height=\"293\" srcset=\"https:\/\/www.ultimobaile.com\/wp-content\/uploads\/2009\/06\/cartaz-xote.jpg 400w, https:\/\/www.ultimobaile.com\/wp-content\/uploads\/2009\/06\/cartaz-xote-300x219.jpg 300w\" sizes=\"auto, (max-width: 400px) 100vw, 400px\" \/><\/p>\n<p style=\"text-align: justify;\">Digo mais: vai ter todo domingo, at\u00e9 julho. E \u00e9 de morrer-e-viver de tanto dansar, apesar do p\u00fablico excessivamente gay (mas tava misturado: vi de playboy a maconheiros, heteros). E elas buscaram coisas do ba\u00fa, como <a href=\"http:\/\/www.youtube.com\/watch?v=6ykskdCVmAA\" target=\"_blank\">A Incr\u00edvel Hist\u00f3ria Da Mulher Que Virou Homem<\/a>, p\u00e9rola esquecida de Jackson do Pandeiro. Tocaram carimb\u00f3, e prometeram tocar alguns gruanic\u00ea de bumba-boi do Maranh\u00e3o em sotaque de orquestra. Al\u00e9m, claro, de samba junino &#8211; que s\u00f3 tem na Bahia&#8230;<\/p>\n","protected":false},"excerpt":{"rendered":"<p>Amanh\u00e3, 20h, o Samba das Mo\u00e7as volta a ativa, fazendo um forrozinho no Tarrafa Botequim, Rio Vermelho. Boa pedida pra o esquente da mega-abertura do S\u00e3o Jo\u00e3o Da Bahia, quarta-feira pr\u00f3xima&#8230; Digo mais: vai ter todo domingo, at\u00e9 julho. E \u00e9 de morrer-e-viver de tanto dansar, apesar do p\u00fablico excessivamente [&hellip;]<\/p>\n","protected":false},"author":2,"featured_media":0,"comment_status":"closed","ping_status":"open","sticky":false,"template":"","format":"standard","meta":{"footnotes":""},"categories":[11,12,9],"tags":[20,222,616,716,221,48,15,47,138,65,603,223,224],"class_list":["post-1150","post","type-post","status-publish","format-standard","hentry","category-01beber","category-01ver","category-01viver","tag-bahia","tag-baiao","tag-coco","tag-embolada","tag-forro","tag-rio-vermelho","tag-salvador","tag-samba","tag-samba-das-mocas","tag-sao-joao","tag-tarrafa-botequim","tag-xaxado","tag-xote"],"_links":{"self":[{"href":"https:\/\/www.ultimobaile.com\/index.php?rest_route=\/wp\/v2\/posts\/1150","targetHints":{"allow":["GET"]}}],"collection":[{"href":"https:\/\/www.ultimobaile.com\/index.php?rest_route=\/wp\/v2\/posts"}],"about":[{"href":"https:\/\/www.ultimobaile.com\/index.php?rest_route=\/wp\/v2\/types\/post"}],"author":[{"embeddable":true,"href":"https:\/\/www.ultimobaile.com\/index.php?rest_route=\/wp\/v2\/users\/2"}],"replies":[{"embeddable":true,"href":"https:\/\/www.ultimobaile.com\/index.php?rest_route=%2Fwp%2Fv2%2Fcomments&post=1150"}],"version-history":[{"count":4,"href":"https:\/\/www.ultimobaile.com\/index.php?rest_route=\/wp\/v2\/posts\/1150\/revisions"}],"predecessor-version":[{"id":1156,"href":"https:\/\/www.ultimobaile.com\/index.php?rest_route=\/wp\/v2\/posts\/1150\/revisions\/1156"}],"wp:attachment":[{"href":"https:\/\/www.ultimobaile.com\/index.php?rest_route=%2Fwp%2Fv2%2Fmedia&parent=1150"}],"wp:term":[{"taxonomy":"category","embeddable":true,"href":"https:\/\/www.ultimobaile.com\/index.php?rest_route=%2Fwp%2Fv2%2Fcategories&post=1150"},{"taxonomy":"post_tag","embeddable":true,"href":"https:\/\/www.ultimobaile.com\/index.php?rest_route=%2Fwp%2Fv2%2Ftags&post=1150"}],"curies":[{"name":"wp","href":"https:\/\/api.w.org\/{rel}","templated":true}]}}