{"id":1145,"date":"2009-06-04T07:20:13","date_gmt":"2009-06-04T10:20:13","guid":{"rendered":"http:\/\/www.ultimobaile.com\/?p=1145"},"modified":"2025-12-24T13:03:41","modified_gmt":"2025-12-24T16:03:41","slug":"sob-os-tetos-art-nouveau-da-barra-avenida","status":"publish","type":"post","link":"https:\/\/www.ultimobaile.com\/?p=1145","title":{"rendered":"Sob os tetos art-nouveau da Barra-Avenida"},"content":{"rendered":"<div id=\"attachment_1146\" style=\"width: 741px\" class=\"wp-caption aligncenter\"><\/p>\n<div style=\"text-align: justify;\"><\/div>\n<p><img loading=\"lazy\" decoding=\"async\" aria-describedby=\"caption-attachment-1146\" class=\"size-full wp-image-1146\" title=\"valeria\" src=\"https:\/\/www.ultimobaile.com\/wp-content\/uploads\/2009\/06\/valeria.jpg\" alt=\"Val\u00e9ria \u00e9 traveca - mas isso \u00e9 um detalhe a mais...! \" width=\"731\" height=\"548\" srcset=\"https:\/\/www.ultimobaile.com\/wp-content\/uploads\/2009\/06\/valeria.jpg 731w, https:\/\/www.ultimobaile.com\/wp-content\/uploads\/2009\/06\/valeria-300x224.jpg 300w\" sizes=\"auto, (max-width: 731px) 100vw, 731px\" \/><p id=\"caption-attachment-1146\" class=\"wp-caption-text\">Val\u00e9ria \u00e9 traveca - mas isso \u00e9 um detalhe a mais...!<\/p><\/div>\n<p style=\"text-align: justify;\">O <a href=\"https:\/\/www.ultimobaile.com\/?p=117\" target=\"_blank\">Bar Marqu\u00eas<\/a>, que tava virando coisa de viadinho, ante-sala da <em>(b)Off Club<\/em>, voltou a carga com seu estilo campy, decadentista, fin-du-si\u00e9cle, implosivo de distin\u00e7\u00f5es de g\u00eanero e prefer\u00eancias genitais &#8211; com a eleg\u00e2ncia extremada (talvez decida da Gra\u00e7a, visto que o <a href=\"https:\/\/www.ultimobaile.com\/?p=857\" target=\"_blank\">Marqu\u00eas<\/a> fica no sop\u00e9 do mais aristocr\u00e1tico bairro talvez do pa\u00eds) que lhe \u00e9 pr\u00f3pria<\/p>\n<p style=\"text-align: justify;\">Agora, toda quinta-feira tem show l\u00e1 com <strong>Val\u00e9ria<\/strong>, dirigida por Fernando Marinho e Ricardo Castro (o ator, n\u00e3o o maestro), <em><strong>Sob O C\u00e9u de Paris<\/strong><\/em>. O mesmo clim\u00e3o de cabaret opi\u00f3ide. E, dia de semana, mais mistura et\u00e1ria, social, cultural, e menos sectarismo guetista.<\/p>\n<p style=\"text-align: justify;\">Val\u00e9ria \u00e9 uma atriz e cantora brilhante, dona de voz e corpo impec\u00e1veis &#8211; que, por acaso (mas n\u00e3o gratuitamente), \u00e9 travesti. Claro que o fato de ela ser um inter-g\u00eanero torna o evento ainda mais &#8220;Marqu\u00eas&#8221;. Mas suas qualidades s\u00e3o conhecidas: indicada mais de uma vez ao Pr\u00eamio Braskem, sempre esteve ligada a fina flor do metier art\u00edstico da Bahia: fazia shows no Velho Vila (anterior a reabertura) e no Cabaret dos Novos (depois que o Vila reabriu); recentemente no rec\u00e9m-reinaugurado (pelo Vila Velha) Teatro Gamboa Nova. E tamb\u00e9m foi do Teatro Gamboa da resist\u00eancia dos anos 80.<\/p>\n<p style=\"text-align: justify;\">O espet\u00e1culo transita pela <em>chanson<\/em> francesa, de operetas da \u00e9poca da Reforma Hausmaniana e antes, at\u00e9 a contemporaneidade. O t\u00edtulo me soa como clara refer\u00eancia \u00e0 obra-prima do precursor do <a href=\"http:\/\/pt.wikipedia.org\/wiki\/Realismo_po\u00e9tico_franc\u00eas\" target=\"_blank\">Cinema Realista Po\u00e9tico<\/a> (da Filmes <a href=\"http:\/\/www.pathe.fr\/site\/core.php?page=1.1\" target=\"_blank\">Path\u00e9<\/a> dos anos 30 e 40), <a href=\"http:\/\/en.wikipedia.org\/wiki\/Ren\u00e9_Clair\" target=\"_blank\">Ren\u00e9 Clair<\/a>, <em><a href=\"http:\/\/melhoresfilmes.com.br\/filmes\/sob-os-tetos-de-paris\" target=\"_blank\">Sob os Tetos de Paris<\/a>\u00a0<\/em>(filme que \u00e9 a um s\u00f3 tempo um &#8220;musical mudo&#8221;, ocupando plenamente duas est\u00e9ticas opostas!).\u00a0<\/p>\n<p style=\"text-align: justify;\">Enfim, cousa fina de melhor estirpe. Vou l\u00e1 hoje, e aproveito tomo alguns dos melhores drinks que se pode tomar neste continente.\u00a0<\/p>\n","protected":false},"excerpt":{"rendered":"<p>O Bar Marqu\u00eas, que tava virando coisa de viadinho, ante-sala da (b)Off Club, voltou a carga com seu estilo campy, decadentista, fin-du-si\u00e9cle, implosivo de distin\u00e7\u00f5es de g\u00eanero e prefer\u00eancias genitais &#8211; com a eleg\u00e2ncia extremada (talvez decida da Gra\u00e7a, visto que o Marqu\u00eas fica no sop\u00e9 do mais aristocr\u00e1tico bairro [&hellip;]<\/p>\n","protected":false},"author":2,"featured_media":0,"comment_status":"closed","ping_status":"open","sticky":false,"template":"","format":"standard","meta":{"footnotes":""},"categories":[12,9],"tags":[710,20,306,73,52,715,711,708,656,709,479,477,712,713,365,15,714,707],"class_list":["post-1145","post","type-post","status-publish","format-standard","hentry","category-01ver","category-01viver","tag-art-nouveau","tag-bahia","tag-bar-marques","tag-barra-avenida","tag-cabaret","tag-chanson","tag-cinema-frances","tag-decadentismo","tag-fernando-marinho","tag-fin-du-siecle","tag-marques-de-caravelas","tag-musical","tag-realismo-poetico","tag-rene-clair","tag-ricardo-castro","tag-salvador","tag-sob-o-ceu-de-paris","tag-valeria"],"_links":{"self":[{"href":"https:\/\/www.ultimobaile.com\/index.php?rest_route=\/wp\/v2\/posts\/1145","targetHints":{"allow":["GET"]}}],"collection":[{"href":"https:\/\/www.ultimobaile.com\/index.php?rest_route=\/wp\/v2\/posts"}],"about":[{"href":"https:\/\/www.ultimobaile.com\/index.php?rest_route=\/wp\/v2\/types\/post"}],"author":[{"embeddable":true,"href":"https:\/\/www.ultimobaile.com\/index.php?rest_route=\/wp\/v2\/users\/2"}],"replies":[{"embeddable":true,"href":"https:\/\/www.ultimobaile.com\/index.php?rest_route=%2Fwp%2Fv2%2Fcomments&post=1145"}],"version-history":[{"count":4,"href":"https:\/\/www.ultimobaile.com\/index.php?rest_route=\/wp\/v2\/posts\/1145\/revisions"}],"predecessor-version":[{"id":4394,"href":"https:\/\/www.ultimobaile.com\/index.php?rest_route=\/wp\/v2\/posts\/1145\/revisions\/4394"}],"wp:attachment":[{"href":"https:\/\/www.ultimobaile.com\/index.php?rest_route=%2Fwp%2Fv2%2Fmedia&parent=1145"}],"wp:term":[{"taxonomy":"category","embeddable":true,"href":"https:\/\/www.ultimobaile.com\/index.php?rest_route=%2Fwp%2Fv2%2Fcategories&post=1145"},{"taxonomy":"post_tag","embeddable":true,"href":"https:\/\/www.ultimobaile.com\/index.php?rest_route=%2Fwp%2Fv2%2Ftags&post=1145"}],"curies":[{"name":"wp","href":"https:\/\/api.w.org\/{rel}","templated":true}]}}