{"id":1137,"date":"2009-05-31T11:03:21","date_gmt":"2009-05-31T14:03:21","guid":{"rendered":"http:\/\/www.ultimobaile.com\/?p=1137"},"modified":"2025-12-24T13:03:41","modified_gmt":"2025-12-24T16:03:41","slug":"e-joao-henrique-privatizou-ate-o-lixo","status":"publish","type":"post","link":"https:\/\/www.ultimobaile.com\/?p=1137","title":{"rendered":"E Jo\u00e3o Henrique privatizou at\u00e9 o lixo&#8230;"},"content":{"rendered":"<p style=\"text-align: justify;\">Do <a href=\"http:\/\/bahiaempauta.com.br\/2009\/05\/a-tarde-lixo-rende-briga-e-mau-cheiro-na-praca-municipal\/\" target=\"_blank\">Bahia Em Pauta<\/a> (do excelente Vitor Hugo Soares):<\/p>\n<blockquote style=\"text-align: justify;\">\n<h3>A Tarde: Debate do lixo rende briga e mau cheiro na Pra\u00e7a Municipal<\/h3>\n<p style=\"text-align: justify;\"><strong>Deu no Jornal<\/strong><\/p>\n<p><em>Na edi\u00e7\u00e3o desta quinta-feira(28) <\/em><em>[grifo nosso]<\/em>\u00a0do jornal A Tarde, a coluna Tempo Presente, assinada pelo jornalista Levi Vasconcelos, publica a seguinte nota:<\/p>\n<p><strong>\u201cVeja que ironia: justamente a urg\u00eancia urgent\u00edssima com a qual o prefeito Jo\u00e3o Henrique pretende aprovar na C\u00e2mara o projeto que lhe autoriza contratar por 20 anos a coleta do lixo e o manejo dos aterros sanit\u00e1rios tornou a inten\u00e7\u00e3o suspeita suspeit\u00edssima. Se ele ainda tem tr\u00eas anos e meio de mandato e os contratos ser\u00e3o de 20 anos, por que tanta pressa? \u00c9 um estigma triste, o do lixo. At\u00e9 as inten\u00e7\u00f5es fedem\u201d.<\/strong><\/p>\n<p>=====================================================<br \/>\n<strong>Bahia em Pauta opina:<\/strong><\/p>\n<p>Na ampla cobertura na edi\u00e7\u00e3o de hoje do mesmo jornal, assinada pelas rep\u00f3rteres Patr\u00edcia Fran\u00e7a e Rita Conrado, sobre os apressados e agressivos debates que vararam a madrugada na C\u00e2mara de Vereadores &#8211; os ataques pessoais e amea\u00e7as de agresss\u00e3o f\u00edsica prevaleceram em v\u00e1rios momentos sobre o conte\u00fado do debate de real interesse p\u00fablico &#8211; \u00e9 poss\u00edvel encontrar v\u00e1rias respostas para o mau cheiro desta quest\u00e3o municipal.<\/p>\n<p>A popula\u00e7\u00e3o de Salvador ganha com trabalhos jornal\u00edsticos como este intitulado \u201cLixo rende briga na C\u00e2mara\u201d, produzida a quatro m\u00e3os e muita vontade de apurar a fundo temas de interesse da cidade e dos que vivem nela.<\/p>\n<p>Ganhar\u00e1 ainda mais se a investiga\u00e7\u00e3o seguir adiante &#8211; at\u00e9 chegar \u00e0 raiz da fedentina que toma conta de Salvador- apontando os repons\u00e1veis por ela. Bravo!<\/p><\/blockquote>\n<p style=\"text-align: justify;\">E, do <a href=\"http:\/\/bahiadefato.blogspot.com\/2009\/05\/monopolio-do-lixo-de-salvador-provoca.html\" target=\"_self\">Bahia de Fato<\/a>:<\/p>\n<blockquote style=\"text-align: justify;\">\n<p style=\"text-align: justify;\"><strong>Monop\u00f3lio do lixo de Salvador provoca Audi\u00eancia P\u00fablica<\/strong><\/p>\n<div class=\"blogPost\">\n<p>O F\u00f3rum Lixo e Cidadania e as cooperativas de res\u00edduos integrantes do Complexo Cooperativo de Reciclagem rejeitam a concess\u00e3o de 20 anos que est\u00e1 prevista no Plano B\u00e1sico de Limpeza Urbana de Salvador. Foram inclusive ao Minist\u00e9rio P\u00fablico. Como tudo na administra\u00e7\u00e3o de Jo\u00e3o Henrique Carneiro (PMDB), este plano n\u00e3o foi nem discutido e nem tornado p\u00fablico suficientemente. H\u00e1 grandes interesses empresariais regendo a orquestra.<\/p>\n<p>Neste contexto, a vereadora V\u00e2nia Galv\u00e3o (PT) est\u00e1 apoiando a convoca\u00e7\u00e3o de uma Audi\u00eancia P\u00fablica visando o tema \u201cConcess\u00e3o do Servi\u00e7o de Limpeza e Coleta de Res\u00edduos S\u00f3lidos do Munic\u00edpio de Salvador\u201d. Isso \u00e9 um ninho de vespa.<\/p>\n<p><em>A Audi\u00eancia P\u00fablica vai ocorrer no pr\u00f3ximo dia 27 de maio <\/em><em>[grifo nosso]<\/em>, \u00e0s 9h, no audit\u00f3rio do Centro Cultural da C\u00e2mara de Vereadores. (&#8230;)<\/div>\n<\/blockquote>\n<div class=\"blogPost\" style=\"text-align: justify;\"><span style=\"text-decoration: underline;\">Coment\u00e1rio:<\/span><\/div>\n<p style=\"text-align: justify;\">Notem que a audi\u00eancia p\u00fablica foi na v\u00e9spera da madrugada da aprova\u00e7\u00e3o nefasta. Isto \u00e9: o PMDB da C\u00e2mara Municipal, e Jo\u00e3o Henrique, ignoraram completamente a necessidade mesma de discuss\u00e3o de uma decis\u00e3o que afetar\u00e1 pelo menos 4 gest\u00f5es municipais seguintes. Como o Nevropata sabe que n\u00e3o far\u00e1 sucessor nenhum, ele t\u00e1 que nem cavalo em desfile de Dois de Julho: obrando (no sentido evang\u00e9lico do termo), e andando.\u00a0<\/p>\n<p style=\"text-align: justify;\">Fato \u00e9 que ele encarnou o neo-neoliberal. \u00c9 a vanguarda do retrocesso! Nem o PFLista hist\u00f3rico da conservadora cidade de S\u00e3o Paulo, GIlberto Kassab, fez algo desta radicalidade. Afinal, parte do lixo da Paulic\u00e9ia gera metano, e deste cr\u00e9ditos de carbono, bem ou mal revertidos socialmente. Aqui, o Jardim de Alah, um dos \u00fanicos cart\u00f5es-postais da cidade ao norte do Rio Vermelho, continua fedendo a lixo com um conteiner de res\u00eddos escancarado aos urubus.<\/p>\n<p style=\"text-align: justify;\">E lembro: ainda temos 3 anos e meio pela frente, disso da\u00ed&#8230;!\u00a0<\/p>\n","protected":false},"excerpt":{"rendered":"<p>Do Bahia Em Pauta (do excelente Vitor Hugo Soares): A Tarde: Debate do lixo rende briga e mau cheiro na Pra\u00e7a Municipal Deu no Jornal Na edi\u00e7\u00e3o desta quinta-feira(28) [grifo nosso]\u00a0do jornal A Tarde, a coluna Tempo Presente, assinada pelo jornalista Levi Vasconcelos, publica a seguinte nota: \u201cVeja que ironia: [&hellip;]<\/p>\n","protected":false},"author":2,"featured_media":0,"comment_status":"closed","ping_status":"open","sticky":false,"template":"","format":"standard","meta":{"footnotes":""},"categories":[9],"tags":[20,85,353,702,634,131,122,703,15],"class_list":["post-1137","post","type-post","status-publish","format-standard","hentry","category-01viver","tag-bahia","tag-carlismo","tag-joao-henrique-barradas-carneiro","tag-lixo","tag-neo-carlismo","tag-neoliberalismo","tag-pmdb","tag-privatizacao","tag-salvador"],"_links":{"self":[{"href":"https:\/\/www.ultimobaile.com\/index.php?rest_route=\/wp\/v2\/posts\/1137","targetHints":{"allow":["GET"]}}],"collection":[{"href":"https:\/\/www.ultimobaile.com\/index.php?rest_route=\/wp\/v2\/posts"}],"about":[{"href":"https:\/\/www.ultimobaile.com\/index.php?rest_route=\/wp\/v2\/types\/post"}],"author":[{"embeddable":true,"href":"https:\/\/www.ultimobaile.com\/index.php?rest_route=\/wp\/v2\/users\/2"}],"replies":[{"embeddable":true,"href":"https:\/\/www.ultimobaile.com\/index.php?rest_route=%2Fwp%2Fv2%2Fcomments&post=1137"}],"version-history":[{"count":4,"href":"https:\/\/www.ultimobaile.com\/index.php?rest_route=\/wp\/v2\/posts\/1137\/revisions"}],"predecessor-version":[{"id":4396,"href":"https:\/\/www.ultimobaile.com\/index.php?rest_route=\/wp\/v2\/posts\/1137\/revisions\/4396"}],"wp:attachment":[{"href":"https:\/\/www.ultimobaile.com\/index.php?rest_route=%2Fwp%2Fv2%2Fmedia&parent=1137"}],"wp:term":[{"taxonomy":"category","embeddable":true,"href":"https:\/\/www.ultimobaile.com\/index.php?rest_route=%2Fwp%2Fv2%2Fcategories&post=1137"},{"taxonomy":"post_tag","embeddable":true,"href":"https:\/\/www.ultimobaile.com\/index.php?rest_route=%2Fwp%2Fv2%2Ftags&post=1137"}],"curies":[{"name":"wp","href":"https:\/\/api.w.org\/{rel}","templated":true}]}}