{"id":1117,"date":"2009-05-25T14:37:21","date_gmt":"2009-05-25T17:37:21","guid":{"rendered":"http:\/\/www.ultimobaile.com\/?p=1117"},"modified":"2025-12-24T13:03:41","modified_gmt":"2025-12-24T16:03:41","slug":"um-mam-lotado-de-eres-e-ibejis","status":"publish","type":"post","link":"https:\/\/www.ultimobaile.com\/?p=1117","title":{"rendered":"Um MAM lotado de er\u00eas e ibejis"},"content":{"rendered":"<p style=\"text-align: justify;\">Fui ont\u00e9m ver a retrospectiva de Caryb\u00e9, no MAM. Est\u00e1 de arrancar l\u00e1grimas, a altura dos melhores momentos da Era Heitor Reis (Pancetti, Verger, etc.).<\/p>\n<p style=\"text-align: justify;\">Mais do que mera exposi\u00e7\u00e3o, ela tem um roteiro para se ver as obras p\u00fablicas de Caryb\u00e9: desde a entrada oficial da Assembl\u00e9ia Legislativa, no CAB, at\u00e9 o painel da Pra\u00e7a Castro Alves. Com muita crian\u00e7a visitando. Muita gente que n\u00e3o vejo sempre em museus. Enfim: o velho MAM de Lina Bo, que Salvador ama como a uma p\u00e9rola.<\/p>\n<p style=\"text-align: justify;\">A exposi\u00e7\u00e3o al\u00e9m de exaustiva, bela, arejada, estava lotada ontem. Lotada tipo Jam: de n\u00e3o achar vagas dentro do museu; de ter de parar na Avenida Contorno ou no Largo dos Aflitos e descer andando pro Solar do Unh\u00e3o.<\/p>\n<p style=\"text-align: justify;\">Deve ir depois para Buenos Aires. E talvez prorrogue pelo pr\u00f3ximo m\u00eas aqui. Por ora, ela fica s\u00f3 at\u00e9 semana que vem. Se voc\u00ea n\u00e3o foi ainda por causa da chuva, aproveite a estiagem e v\u00e1 antes que seja tarde!<\/p>\n","protected":false},"excerpt":{"rendered":"<p>Fui ont\u00e9m ver a retrospectiva de Caryb\u00e9, no MAM. Est\u00e1 de arrancar l\u00e1grimas, a altura dos melhores momentos da Era Heitor Reis (Pancetti, Verger, etc.). Mais do que mera exposi\u00e7\u00e3o, ela tem um roteiro para se ver as obras p\u00fablicas de Caryb\u00e9: desde a entrada oficial da Assembl\u00e9ia Legislativa, no [&hellip;]<\/p>\n","protected":false},"author":2,"featured_media":0,"comment_status":"closed","ping_status":"open","sticky":false,"template":"","format":"standard","meta":{"footnotes":""},"categories":[11,10,12,9],"tags":[662,156,630,140,475,152,15,114,578,476],"class_list":["post-1117","post","type-post","status-publish","format-standard","hentry","category-01beber","category-01comer","category-01ver","category-01viver","tag-carybe","tag-funceb","tag-ipac","tag-jaques-wagner","tag-mam","tag-marcio-meirelles","tag-salvador","tag-secretaria-de-cultura-do-estado-da-bahia","tag-solange-farkas","tag-solar-do-unhao"],"_links":{"self":[{"href":"https:\/\/www.ultimobaile.com\/index.php?rest_route=\/wp\/v2\/posts\/1117","targetHints":{"allow":["GET"]}}],"collection":[{"href":"https:\/\/www.ultimobaile.com\/index.php?rest_route=\/wp\/v2\/posts"}],"about":[{"href":"https:\/\/www.ultimobaile.com\/index.php?rest_route=\/wp\/v2\/types\/post"}],"author":[{"embeddable":true,"href":"https:\/\/www.ultimobaile.com\/index.php?rest_route=\/wp\/v2\/users\/2"}],"replies":[{"embeddable":true,"href":"https:\/\/www.ultimobaile.com\/index.php?rest_route=%2Fwp%2Fv2%2Fcomments&post=1117"}],"version-history":[{"count":4,"href":"https:\/\/www.ultimobaile.com\/index.php?rest_route=\/wp\/v2\/posts\/1117\/revisions"}],"predecessor-version":[{"id":4400,"href":"https:\/\/www.ultimobaile.com\/index.php?rest_route=\/wp\/v2\/posts\/1117\/revisions\/4400"}],"wp:attachment":[{"href":"https:\/\/www.ultimobaile.com\/index.php?rest_route=%2Fwp%2Fv2%2Fmedia&parent=1117"}],"wp:term":[{"taxonomy":"category","embeddable":true,"href":"https:\/\/www.ultimobaile.com\/index.php?rest_route=%2Fwp%2Fv2%2Fcategories&post=1117"},{"taxonomy":"post_tag","embeddable":true,"href":"https:\/\/www.ultimobaile.com\/index.php?rest_route=%2Fwp%2Fv2%2Ftags&post=1117"}],"curies":[{"name":"wp","href":"https:\/\/api.w.org\/{rel}","templated":true}]}}