{"id":1105,"date":"2009-05-02T12:40:33","date_gmt":"2009-05-02T15:40:33","guid":{"rendered":"http:\/\/www.ultimobaile.com\/?p=1105"},"modified":"2025-12-24T13:03:41","modified_gmt":"2025-12-24T16:03:41","slug":"a-democracia-sem-fim-de-jaques-wagner-ou-por-que-ele-nao-e-lula","status":"publish","type":"post","link":"https:\/\/www.ultimobaile.com\/?p=1105","title":{"rendered":"A democracia-sem-fim de Jaques Wagner &#8211; ou: por que ele n\u00e3o \u00e9 Lula?"},"content":{"rendered":"<p>Do <em>Di\u00e1rio Oficial do Estado<\/em>, de hoje: <\/p>\n<blockquote>\n<p style=\"text-align: justify;\"><strong>Bahia cria GT que vai localizar e abrir os arquivos da ditadura<\/strong><\/p>\n<p style=\"text-align: justify;\"><span style=\"font-size: x-small;\"><span style=\"font-family: Eurostile;\">Um Grupo de Trabalho (GT) criado pelo Governo do Estado vai localizar e tornar acess\u00edveis todos os acervos sobre o per\u00edodo da repress\u00e3o pol\u00edtica, entre os anos de 1964 e 1985. O decreto de cria\u00e7\u00e3o do grupo, assinado pelo governador Jaques Wagner, est\u00e1 na edi\u00e7\u00e3o de hoje do Di\u00e1rio Oficial.<\/span><\/span><\/p>\n<p style=\"text-align: justify;\"><span style=\"font-family: Eurostile; font-size: x-small;\">A primeira tarefa do grupo, coordenado pela Secretaria da Justi\u00e7a, Cidadania e Direitos Humanos, ser\u00e1 a identifica\u00e7\u00e3o e integra\u00e7\u00e3o de documentos e imagens de interesse para a elabora\u00e7\u00e3o do projeto estadual Mem\u00f3rias Reveladas das Lutas Pol\u00edticas na Bahia.<\/span><\/p>\n<p style=\"text-align: justify;\"><span style=\"font-family: Eurostile; font-size: x-small;\">O GT ser\u00e1 composto ainda por representantes da Pol\u00edcia Militar, da Pol\u00edcia Civil e um da Funda\u00e7\u00e3o Pedro Calmon, ligada \u00e0 Secretaria da Cultura e respons\u00e1vel pela gest\u00e3o do Arquivo P\u00fablico Estadual. Esses poder\u00e3o sugerir a inclus\u00e3o de representantes de outros \u00f3rg\u00e3os governamentais e de entidades n\u00e3o-governamentais para participar das reuni\u00f5es, mas sem direito a voto.<\/span><\/p>\n<p style=\"text-align: justify;\"><span style=\"font-family: Eurostile; font-size: x-small;\">O decreto prev\u00ea ainda a mobiliza\u00e7\u00e3o da sociedade para reunir acervos particulares sob a guarda de entidades privadas e pessoas f\u00edsicas aos documentos p\u00fablicos at\u00e9 aqui inacess\u00edveis.<\/span><\/p>\n<p style=\"text-align: justify;\"><span style=\"font-size: x-small;\"><span style=\"font-family: 'Eurostile Bold';\">Rede nacional \u2013<\/span><span style=\"font-family: Eurostile;\"> Ao lado desse trabalho, o grupo dever\u00e1 preparar a integra\u00e7\u00e3o do Estado da Bahia \u00e0 rede nacional de coopera\u00e7\u00e3o para divulga\u00e7\u00e3o e disponibiliza\u00e7\u00e3o de dados, imagens e informa\u00e7\u00f5es de interesse sobre o per\u00edodo de repress\u00e3o pol\u00edtica. O decreto estipula prazo de 180 dias para que o trabalho esteja conclu\u00eddo.<\/span><\/span><\/p>\n<p style=\"text-align: justify;\"><span style=\"font-family: Eurostile; font-size: x-small;\">Ex-militante do movimento estudantil, no in\u00edcio da d\u00e9cada de 1970, o governador Jaques Wagner justifica a medida como o cumprimento de um dever democr\u00e1tico de todo governante de um Estado moderno. &#8220;Sempre disse que a sociedade baiana e brasileira tem o direito de conhecer sua hist\u00f3ria, e \u00e9 isso que estamos fazendo&#8221;, resumiu.<\/span><\/p>\n<\/blockquote>\n","protected":false},"excerpt":{"rendered":"<p>Do Di\u00e1rio Oficial do Estado, de hoje: Bahia cria GT que vai localizar e abrir os arquivos da ditadura Um Grupo de Trabalho (GT) criado pelo Governo do Estado vai localizar e tornar acess\u00edveis todos os acervos sobre o per\u00edodo da repress\u00e3o pol\u00edtica, entre os anos de 1964 e 1985. [&hellip;]<\/p>\n","protected":false},"author":2,"featured_media":0,"comment_status":"closed","ping_status":"open","sticky":false,"template":"","format":"standard","meta":{"footnotes":""},"categories":[9],"tags":[679,680,20,285,85,678,140,15],"class_list":["post-1105","post","type-post","status-publish","format-standard","hentry","category-01viver","tag-679","tag-arquivos","tag-bahia","tag-brasil","tag-carlismo","tag-ditadura-militar","tag-jaques-wagner","tag-salvador"],"_links":{"self":[{"href":"https:\/\/www.ultimobaile.com\/index.php?rest_route=\/wp\/v2\/posts\/1105","targetHints":{"allow":["GET"]}}],"collection":[{"href":"https:\/\/www.ultimobaile.com\/index.php?rest_route=\/wp\/v2\/posts"}],"about":[{"href":"https:\/\/www.ultimobaile.com\/index.php?rest_route=\/wp\/v2\/types\/post"}],"author":[{"embeddable":true,"href":"https:\/\/www.ultimobaile.com\/index.php?rest_route=\/wp\/v2\/users\/2"}],"replies":[{"embeddable":true,"href":"https:\/\/www.ultimobaile.com\/index.php?rest_route=%2Fwp%2Fv2%2Fcomments&post=1105"}],"version-history":[{"count":3,"href":"https:\/\/www.ultimobaile.com\/index.php?rest_route=\/wp\/v2\/posts\/1105\/revisions"}],"predecessor-version":[{"id":1108,"href":"https:\/\/www.ultimobaile.com\/index.php?rest_route=\/wp\/v2\/posts\/1105\/revisions\/1108"}],"wp:attachment":[{"href":"https:\/\/www.ultimobaile.com\/index.php?rest_route=%2Fwp%2Fv2%2Fmedia&parent=1105"}],"wp:term":[{"taxonomy":"category","embeddable":true,"href":"https:\/\/www.ultimobaile.com\/index.php?rest_route=%2Fwp%2Fv2%2Fcategories&post=1105"},{"taxonomy":"post_tag","embeddable":true,"href":"https:\/\/www.ultimobaile.com\/index.php?rest_route=%2Fwp%2Fv2%2Ftags&post=1105"}],"curies":[{"name":"wp","href":"https:\/\/api.w.org\/{rel}","templated":true}]}}