{"id":1083,"date":"2009-04-27T13:56:27","date_gmt":"2009-04-27T16:56:27","guid":{"rendered":"http:\/\/www.ultimobaile.com\/?p=1083"},"modified":"2025-12-24T13:03:41","modified_gmt":"2025-12-24T16:03:41","slug":"politica-de-museus-em-marcha","status":"publish","type":"post","link":"https:\/\/www.ultimobaile.com\/?p=1083","title":{"rendered":"Pol\u00edtica de Museus em marcha"},"content":{"rendered":"<p style=\"text-align: justify; \">Come\u00e7o a retirar parcialmente minhas cr\u00edticas a atual gest\u00e3o museol\u00f3gica do Estado. Por dois motivos.<\/p>\n<p style=\"text-align: justify; \">Primeiro que a atual Secretaria de Cultura fez algo que me parecia imposs\u00edvel, at\u00e9 agora: 3, dos 4 andares do Solar Ferr\u00e3o, hoje s\u00e3o ocupados por vultuosas exposi\u00e7\u00f5es permanentes. Antes, era s\u00f3 o \u00faltimo, a Abelardo Rodrigues de Arte Sacra (fruto de um golpe anti-pernambucano de ACM, nos estertores do Governo Figueiredo). Hoje, se tem uma puta cole\u00e7\u00e3o de arte tradicional africana (Sala Claudio Massela) e de arte popular nordestina (Sala Lina Bo Bardi). Ficando livre apenas o sal\u00e3o de entrada, para tempor\u00e1rias.<\/p>\n<p style=\"text-align: justify; \">\u00c9, sem d\u00favida, um modo de otimizar e democratizar o acesso a este espa\u00e7o: une redu\u00e7\u00e3o de custos de gest\u00e3o, como melhoria de gasto, e efetividade de a\u00e7\u00f5es.<\/p>\n<p style=\"text-align: justify; \">Outra \u00e9 que parece que finalmente o Museu de Arte Moderna organiza uma exposi\u00e7\u00e3o como nos velhos tempos: a retrospectiva de Caryb\u00e9 (que ainda n\u00e3o fui ver) contempla mais de 200 obras, entre textos (Caryb\u00e9 escrevia t\u00e3o bem quanto Pierre Verger e Jorge Amado), fotografias, gravuras, di\u00e1rios, telas, esculturas &#8211; o diabo a quatro. Resta saber se ser\u00e1 itinerante. E se vai pra algum grande centro, depois. Mereceria ir para Buenos Aires, por exemplo. <\/p>\n<p style=\"text-align: justify; \">N\u00e3o obstante, ainda acho <a href=\"https:\/\/www.ultimobaile.com\/?p=931\" target=\"_blank\">ridiculamente anti-bardiano o cerceamento do acesso a praia do MAM<\/a> (que ali\u00e1s de nada adianta), e a n\u00e3o restaura\u00e7\u00e3o da ponte do atracadouro, que permite acesso por barco (e que \u00e9 usada, apesar do risco de desabamento e da interdi\u00e7\u00e3o, pelos meninos da Gamboa &#8211; e \u00e0s vezes por mim &#8211; como trampolim para o mar. Reitero que este uso \u00e9 legitimo e se coaduna com o projeto bardiano de museu vivo).<\/p>\n<p style=\"text-align: justify; \">Bem como, se ora elogio, \u00e9 porque vejo pela primeira vez o MAM ser usado como museu de arte <strong>moderna<\/strong>, e n\u00e3o de arte <strong>contempor\u00e2nea<\/strong>. N\u00e3o obstante, ainda espero o dia em que Salvador ter\u00e1 um MAC &#8211; de prefer\u00eancia na Cidade Baixa.  <\/p>\n","protected":false},"excerpt":{"rendered":"<p>Come\u00e7o a retirar parcialmente minhas cr\u00edticas a atual gest\u00e3o museol\u00f3gica do Estado. Por dois motivos. Primeiro que a atual Secretaria de Cultura fez algo que me parecia imposs\u00edvel, at\u00e9 agora: 3, dos 4 andares do Solar Ferr\u00e3o, hoje s\u00e3o ocupados por vultuosas exposi\u00e7\u00f5es permanentes. Antes, era s\u00f3 o \u00faltimo, a [&hellip;]<\/p>\n","protected":false},"author":2,"featured_media":0,"comment_status":"closed","ping_status":"open","sticky":false,"template":"","format":"standard","meta":{"footnotes":""},"categories":[12,9],"tags":[20,662,630,663,475,265,661,15,114,476,632],"class_list":["post-1083","post","type-post","status-publish","format-standard","hentry","category-01ver","category-01viver","tag-bahia","tag-carybe","tag-ipac","tag-lina-bo-bardi","tag-mam","tag-museu-de-arte-moderna","tag-politica-de-museus","tag-salvador","tag-secretaria-de-cultura-do-estado-da-bahia","tag-solar-do-unhao","tag-solar-ferrao"],"_links":{"self":[{"href":"https:\/\/www.ultimobaile.com\/index.php?rest_route=\/wp\/v2\/posts\/1083","targetHints":{"allow":["GET"]}}],"collection":[{"href":"https:\/\/www.ultimobaile.com\/index.php?rest_route=\/wp\/v2\/posts"}],"about":[{"href":"https:\/\/www.ultimobaile.com\/index.php?rest_route=\/wp\/v2\/types\/post"}],"author":[{"embeddable":true,"href":"https:\/\/www.ultimobaile.com\/index.php?rest_route=\/wp\/v2\/users\/2"}],"replies":[{"embeddable":true,"href":"https:\/\/www.ultimobaile.com\/index.php?rest_route=%2Fwp%2Fv2%2Fcomments&post=1083"}],"version-history":[{"count":5,"href":"https:\/\/www.ultimobaile.com\/index.php?rest_route=\/wp\/v2\/posts\/1083\/revisions"}],"predecessor-version":[{"id":1091,"href":"https:\/\/www.ultimobaile.com\/index.php?rest_route=\/wp\/v2\/posts\/1083\/revisions\/1091"}],"wp:attachment":[{"href":"https:\/\/www.ultimobaile.com\/index.php?rest_route=%2Fwp%2Fv2%2Fmedia&parent=1083"}],"wp:term":[{"taxonomy":"category","embeddable":true,"href":"https:\/\/www.ultimobaile.com\/index.php?rest_route=%2Fwp%2Fv2%2Fcategories&post=1083"},{"taxonomy":"post_tag","embeddable":true,"href":"https:\/\/www.ultimobaile.com\/index.php?rest_route=%2Fwp%2Fv2%2Ftags&post=1083"}],"curies":[{"name":"wp","href":"https:\/\/api.w.org\/{rel}","templated":true}]}}