{"id":1072,"date":"2009-04-22T17:42:55","date_gmt":"2009-04-22T20:42:55","guid":{"rendered":"http:\/\/www.ultimobaile.com\/?p=1072"},"modified":"2025-12-24T13:03:41","modified_gmt":"2025-12-24T16:03:41","slug":"quem-tem-medo-de-editais","status":"publish","type":"post","link":"https:\/\/www.ultimobaile.com\/?p=1072","title":{"rendered":"Quem tem medo de Editais?"},"content":{"rendered":"<p style=\"text-align: justify;\">O m\u00fasico Paquito, a quem admiro imensamente e que tem sido um dos apoiadores da pol\u00edtica cultural de Marcio Meirelles, <a href=\"http:\/\/terramagazine.terra.com.br\/interna\/0,,OI3716626-EI6621,00.html\" target=\"_blank\">d\u00e1 uma escorregada pras bandas de Aninha Franco hoje<\/a>, no <strong>Terra Magazine<\/strong>. Observem:<\/p>\n<blockquote>\n<p style=\"text-align: justify;\">Se o leitor \u00e9 ligado \u00e0 produ\u00e7\u00e3o independente e j\u00e1 concorreu a um edital de cultura, sabe do que vou falar. Se j\u00e1 concorreu e perdeu algumas vezes, talvez nem queira ouvir falar, pois, em determinadas circunst\u00e2ncias, a palavra assusta: edital. Mas o fato \u00e9 que, hoje, na cultura brasileira, vive-se a era deles, os tais dos editais.<\/p>\n<p style=\"text-align: justify;\">Compreende-se a necessidade de concursos p\u00fablicos para democratizar o acesso ao recurso tamb\u00e9m p\u00fablico, ainda mais num per\u00edodo em que, no caso da m\u00fasica, a profissionaliza\u00e7\u00e3o vive dias movedi\u00e7os: os artistas se viram pra sobreviver e, fora os j\u00e1 estabelecidos de outras eras, a transi\u00e7\u00e3o entre um mundo pr\u00e9-digital e um mundo digital comporta um universo de incertezas.<\/p>\n<p style=\"text-align: justify;\">No entanto, o que teria chegado pra facilitar \u00e0s vezes torna-se um dificultador. Basta estar diante de um formul\u00e1rio elaborado para os tais fins. Catatau \u00e9 o que melhor define o manancial de dados que se tem que dispor para fazer jus a esse tipo de apoio.<\/p>\n<p style=\"text-align: justify;\">O esquema de reda\u00e7\u00e3o de um texto desse tipo, dividido entre justificativa, apresenta\u00e7\u00e3o, descri\u00e7\u00e3o e objetivos, \u00e9 empobrecedor pra um cora\u00e7\u00e3o &amp; c\u00e9rebro dado aos of\u00edcios nefelibatas, al\u00e9m do que muito do que se redige, pra atender \u00e0s expectativas dos gestores, acaba se reduzindo a um amontoado de clich\u00eas.<\/p>\n<p style=\"text-align: justify;\">(&#8230;)<\/p>\n<p style=\"text-align: justify;\">Pra isso, sup\u00f5e-se, existem os produtores culturais, que j\u00e1 t\u00eam at\u00e9 uma faculdade que os forma na Bahia. Ent\u00e3o, o problema estaria resolvido. N\u00e3o \u00e9 bem assim, pois, ainda na Bahia, de onde escrevo estas mal tra\u00e7adas, muitos dos qualificados produtores culturais est\u00e3o&#8230; no governo! E, como parte do governo, eles n\u00e3o podem, pelo menos legalmente, se envolver em concorr\u00eancias p\u00fablicas.<\/p>\n<p style=\"text-align: justify;\">E o estado, como mero repassador de recursos que tudo terceiriza, n\u00e3o aproveita a voca\u00e7\u00e3o e experi\u00eancia de muitos que trabalham sob suas hostes, no sentido de, por exemplo, oferecer suporte t\u00e9cnico a um artista iniciante ou at\u00e9 a algum independente de longa data. O recurso \u00e9 dado ao artista e ele que se vire para cumprir as devidas demandas.<\/p>\n<\/blockquote>\n<p style=\"text-align: justify;\">Primeira inverdade: uma das linhas da Secretaria de Cultura do Estado da Bahia \u00e9 dar total suporte t\u00e9cnico, atrav\u00e9s de seus quadros, antes, durante e depois dos certames. Justamente para que artistas vindos de classes sociais mais pobres, e portanto com menos &#8220;capital lingu\u00edstico&#8221; digamos assim, possam concorrer em p\u00e9 de igualdade.<\/p>\n<p style=\"text-align: justify;\">E isso pode ser comprovado em pelo menos um grande evento cuja execu\u00e7\u00e3o foi mais-que-perfeita: <a href=\"https:\/\/www.ultimobaile.com\/?p=561\" target=\"_blank\">Festival Internacional de Artes C\u00eanicas &#8211; FIAC<\/a>.<\/p>\n<blockquote>\n<p style=\"text-align: justify;\">Sem contar que alguns editais pedem inutilidades mesmo, submetendo o artista a uma sabatina pra atestar a seriedade do seu fazer art\u00edstico, como se f\u00f4ssemos todos um bando de aventureiros que n\u00e3o t\u00eam o que fazer da vida, a n\u00e3o ser passar o tempo preenchendo as incoer\u00eancias de um concurso p\u00fablico.<\/p>\n<\/blockquote>\n<p style=\"text-align: justify;\">Continua.<\/p>\n<p style=\"text-align: justify;\">Ora, eu participo de editais de concurso liter\u00e1rio, p\u00fablicos e privados, desde que me entendo por gente. S\u00e3o chatos e arbitr\u00e1rios? \u00c0s vezes sim. Mas n\u00e3o h\u00e1 outro jeito.<\/p>\n<p style=\"text-align: justify;\">Como sou servidor p\u00fablico concursado duas vezes. Concursos p\u00fablicos t\u00eam por vezes crit\u00e9rios arbitr\u00e1rios, para n\u00e3o dizer injustos. Digo deles o que Winston Churchill dizia do voto e da democracia: \u00e9 o pior sistema &#8211; salvo todos os outros.<\/p>\n<p style=\"text-align: justify;\">Paquito tem alguma id\u00e9ia melhor para democratizar e agilizar o acesso a produ\u00e7\u00e3o cultural? A Lei Rouanet, como todo mundo sabe, n\u00e3o funcionou direito. Os caminhos de uma democracia de estado s\u00e3o estes: editais, licita\u00e7\u00f5es, concursos, certames. Transparentes ao limite do imposs\u00edvel. E em constante revis\u00e3o. D\u00e1 trabalho, mas ningu\u00e9m disse que a democracia era um pr\u00eamio &#8211; parafraseando o que o Cristo de Norman Mailer diz sobre o amor: &#8220;\u00e9 antes o duro caminho para um outro estado de coisas, este sim t\u00e3o melhor quanto inacabado&#8221;.<\/p>\n<p style=\"text-align: justify;\">\u00c9 o mesmo <a href=\"http:\/\/terramagazine.terra.com.br\/interna\/0,,OI3656586-EI11366,00.html\" target=\"_blank\">Paquito que reclama, e com raz\u00e3o, do nome &#8211; &#8220;feio&#8221; &#8211; do Espicha Ver\u00e3o<\/a>; mas que n\u00e3o reconhece nele um evento premiado como <a href=\"https:\/\/www.ultimobaile.com\/?p=1045\" target=\"_blank\">o melhor investimento, p\u00fablico ou privado, em turismo no Brasil por dois anos<\/a>.<\/p>\n<p style=\"text-align: justify;\">Isto me alerta para um fato: se at\u00e9 Paquito fica incomodado em participar de editais (n\u00f3s, escritores, nunca ficamos), a mentalidade bahiana vai dar muito mais trabalho pra mudar do que supunha. Coragem, Seo Marcio!<\/p>\n","protected":false},"excerpt":{"rendered":"<p>O m\u00fasico Paquito, a quem admiro imensamente e que tem sido um dos apoiadores da pol\u00edtica cultural de Marcio Meirelles, d\u00e1 uma escorregada pras bandas de Aninha Franco hoje, no Terra Magazine. Observem: Se o leitor \u00e9 ligado \u00e0 produ\u00e7\u00e3o independente e j\u00e1 concorreu a um edital de cultura, sabe [&hellip;]<\/p>\n","protected":false},"author":2,"featured_media":0,"comment_status":"closed","ping_status":"open","sticky":false,"template":"","format":"standard","meta":{"footnotes":""},"categories":[9],"tags":[20,650,62,651,443,156,150,140,152,649,15,114,155,404],"class_list":["post-1072","post","type-post","status-publish","format-standard","hentry","category-01viver","tag-bahia","tag-bob-fernandes","tag-cultura","tag-editais","tag-edital","tag-funceb","tag-fundacao-cultural-do-estado-da-bahia","tag-jaques-wagner","tag-marcio-meirelles","tag-paquito","tag-salvador","tag-secretaria-de-cultura-do-estado-da-bahia","tag-secult","tag-terra-magazine"],"_links":{"self":[{"href":"https:\/\/www.ultimobaile.com\/index.php?rest_route=\/wp\/v2\/posts\/1072","targetHints":{"allow":["GET"]}}],"collection":[{"href":"https:\/\/www.ultimobaile.com\/index.php?rest_route=\/wp\/v2\/posts"}],"about":[{"href":"https:\/\/www.ultimobaile.com\/index.php?rest_route=\/wp\/v2\/types\/post"}],"author":[{"embeddable":true,"href":"https:\/\/www.ultimobaile.com\/index.php?rest_route=\/wp\/v2\/users\/2"}],"replies":[{"embeddable":true,"href":"https:\/\/www.ultimobaile.com\/index.php?rest_route=%2Fwp%2Fv2%2Fcomments&post=1072"}],"version-history":[{"count":4,"href":"https:\/\/www.ultimobaile.com\/index.php?rest_route=\/wp\/v2\/posts\/1072\/revisions"}],"predecessor-version":[{"id":4409,"href":"https:\/\/www.ultimobaile.com\/index.php?rest_route=\/wp\/v2\/posts\/1072\/revisions\/4409"}],"wp:attachment":[{"href":"https:\/\/www.ultimobaile.com\/index.php?rest_route=%2Fwp%2Fv2%2Fmedia&parent=1072"}],"wp:term":[{"taxonomy":"category","embeddable":true,"href":"https:\/\/www.ultimobaile.com\/index.php?rest_route=%2Fwp%2Fv2%2Fcategories&post=1072"},{"taxonomy":"post_tag","embeddable":true,"href":"https:\/\/www.ultimobaile.com\/index.php?rest_route=%2Fwp%2Fv2%2Ftags&post=1072"}],"curies":[{"name":"wp","href":"https:\/\/api.w.org\/{rel}","templated":true}]}}