{"id":1064,"date":"2009-04-19T16:48:01","date_gmt":"2009-04-19T19:48:01","guid":{"rendered":"http:\/\/www.ultimobaile.com\/?p=1064"},"modified":"2025-12-24T13:03:41","modified_gmt":"2025-12-24T16:03:41","slug":"lula-ou-o-segundo-beijo-de-judas","status":"publish","type":"post","link":"https:\/\/www.ultimobaile.com\/?p=1064","title":{"rendered":"Lula, ou o segundo beijo de Judas"},"content":{"rendered":"<p style=\"text-align: justify;\"><span style=\"color: #000000;\">Desde cedo tenho um principio \u00e9tico: suporto as porradas que levo, porque sei que sou forte para aguent\u00e1-las e revidar, sozinho; porque tenho sangue frio e alta capacidade de recupera\u00e7\u00e3o. Mas tenho baixa toler\u00e2ncia quando se vilipendia, atrav\u00e9s de mim ou de modo semelhante ao que fui v\u00edtima, com amigos especialmente se mais novos e fr\u00e1geis.<\/span><\/p>\n<p style=\"text-align: justify;\"><span style=\"color: #000000;\">Que Lula caga e anda pro estado que mais lhe deu votos, historicamente, e onde ele teve sua maior vit\u00f3ria (derrotar o carlismo), todo mundo sabe. Nisso, ele repete algo de que a Bahia \u00e9 v\u00edtima desde sempre: tida como forte e robusta demais para um estado nordestino, \u00e9 relegada ao &#8220;se vire&#8221;. A gente se vira, \u00e9 verdade &#8211; e ouve todo dia que Pernambuco \u00e9 melhor, que Recife \u00e9 uma metropole mais organizada, etc. Ningu\u00e9m lembra que l\u00e1 eles t\u00eam apoio do governo federal, qualquer que seja ele. Aqui, a gente s\u00f3 ximba.<\/span><\/p>\n<p style=\"text-align: justify;\"><span style=\"color: #000000;\">Nisso tamb\u00e9m a Bahia \u00e9 igual a Minas: nordestino demais pra ser sudeste, e com muito potencial de levante popular, Minas foi deixado a m\u00edngua sempre e sempre. A\u00e9cio n\u00e3o diz, mas diz, que a privatiza\u00e7\u00e3o da Vale por S\u00e3o Paulo foi um modo de enfraquecer Minas, politicamente. E se for presidente, j\u00e1 disse que reverter\u00e1 para capital misto. (Aten\u00e7\u00e3o, tucanada: este esquerdista de nascen\u00e7a quer votar 45 em 2010! Mas tem de ser A\u00e9cio!)<\/span><\/p>\n<p style=\"text-align: justify;\"><span style=\"color: #000000;\">\u00c9 o mal dos estados de transi\u00e7\u00e3o. Mas Bahia e Minas s\u00e3o de fato robustos, enormes, e ricos ao seu modo; o Maranh\u00e3o, n\u00e3o.<\/span><\/p>\n<p style=\"text-align: justify;\"><span style=\"color: #000000;\">O que faz Lula para o Maranh\u00e3o? Nada. Ou melhor, o mesmo que fez na Bahia em 2008: apoia quem possa (quase) trazer de volta o coronelismo (aqui, Jo\u00e3o Henrique Carneiro, que brilha solit\u00e1rio na constela\u00e7\u00e3o dos neo-carlistas). <\/span><a href=\"http:\/\/gilbertolimajornalista.blogspot.com\/\" target=\"_blank\"><span style=\"color: #000000;\">No Maranh\u00e3o, a quem tenho como irm\u00e3o ca\u00e7ula da Bahia, ele traz mesmo, de bra\u00e7os dados, de volta o velho coronelismo<\/span><\/a><span style=\"color: #000000;\">, sem meias palavras. Explicitamente.<\/span><\/p>\n<blockquote>\n<h3 class=\"MsoNormal\" style=\"font-family: trebuchet ms; text-align: justify;\"><span style=\"color: #000000;\">H\u00e1 duas semanas, em reuni\u00e3o com ministros, Lula declarara que quer percorrer o pa\u00eds para apresentar a ministra Dilma Roussef ao povo. Ela \u00e9 o principal nome para suceder Lula. <span style=\"text-decoration: underline;\">Na visita ao Maranh\u00e3o, deve, finalmente, conhecer a obra do PAC\/Rio Anil. O ex-governador reclamava que vinha tocando a obra com recursos pr\u00f3prios, pois for\u00e7as contr\u00e1rias ao seu governo impediam a libera\u00e7\u00e3o da contrapartida do governo federal. Agora, com Roseana no poder, os recursos ser\u00e3o liberados com mais facilidade.<\/span><\/span><\/h3>\n<h3 class=\"MsoNormal\" style=\"font-family: trebuchet ms; text-align: justify;\"><span style=\"color: #000000;\"><span style=\"text-decoration: underline;\">Ao longo de todo o seu governo, Lula s\u00f3 veio ao Maranh\u00e3o uma vez: prestigiar o com\u00edcio de Roseana, em 2006, em Timon<\/span>. Apesar de o PDT ser da base a aliada, o comando nacional do partido n\u00e3o teve for\u00e7as para fazer com Lula viesse prestigiar o governo de Lago.<\/span><\/h3>\n<h3 class=\"MsoNormal\" style=\"font-family: trebuchet ms; text-align: justify;\">(grifos nossos)<\/h3>\n<\/blockquote>\n<p class=\"MsoNormal\" style=\"font-family: trebuchet ms; text-align: justify;\">Mexeram com meu primo mais novo &#8211; isso eu n\u00e3o tolero. V\u00e1 dar cascudo em quem \u00e9 do seu tamanho, Sapo Barbudo!<\/p>\n<p class=\"MsoNormal\" style=\"font-family: trebuchet ms; text-align: justify;\">Que dizer? O Partido dos Trabalhadores \u00e9 a UDN de tamancas! (s\u00f3 pra citar o velho Brizola). Jaques Wagner \u00e9 uma exce\u00e7\u00e3o louv\u00e1vel nele, tal como A\u00e9cio o \u00e9 entre os tucanos: o \u00fanico quadro anti-neo-liberal no PSDB, ainda quando o neoliberalismo era moda.<\/p>\n<p class=\"MsoNormal\" style=\"font-family: trebuchet ms; text-align: justify;\">E Lula n\u00e3o vale um tost\u00e3o furado. Tomara que Dilma perca.<\/p>\n","protected":false},"excerpt":{"rendered":"<p>Desde cedo tenho um principio \u00e9tico: suporto as porradas que levo, porque sei que sou forte para aguent\u00e1-las e revidar, sozinho; porque tenho sangue frio e alta capacidade de recupera\u00e7\u00e3o. Mas tenho baixa toler\u00e2ncia quando se vilipendia, atrav\u00e9s de mim ou de modo semelhante ao que fui v\u00edtima, com amigos [&hellip;]<\/p>\n","protected":false},"author":2,"featured_media":0,"comment_status":"closed","ping_status":"open","sticky":false,"template":"","format":"standard","meta":{"footnotes":""},"categories":[9],"tags":[85,642,641,640,198,61,145,122,121,639],"class_list":["post-1064","post","type-post","status-publish","format-standard","hentry","category-01viver","tag-carlismo","tag-coronelismo","tag-jackson-lago","tag-jose-sarney","tag-lula","tag-maranhao","tag-pdt","tag-pmdb","tag-pt","tag-roseana-sarney"],"_links":{"self":[{"href":"https:\/\/www.ultimobaile.com\/index.php?rest_route=\/wp\/v2\/posts\/1064","targetHints":{"allow":["GET"]}}],"collection":[{"href":"https:\/\/www.ultimobaile.com\/index.php?rest_route=\/wp\/v2\/posts"}],"about":[{"href":"https:\/\/www.ultimobaile.com\/index.php?rest_route=\/wp\/v2\/types\/post"}],"author":[{"embeddable":true,"href":"https:\/\/www.ultimobaile.com\/index.php?rest_route=\/wp\/v2\/users\/2"}],"replies":[{"embeddable":true,"href":"https:\/\/www.ultimobaile.com\/index.php?rest_route=%2Fwp%2Fv2%2Fcomments&post=1064"}],"version-history":[{"count":6,"href":"https:\/\/www.ultimobaile.com\/index.php?rest_route=\/wp\/v2\/posts\/1064\/revisions"}],"predecessor-version":[{"id":4410,"href":"https:\/\/www.ultimobaile.com\/index.php?rest_route=\/wp\/v2\/posts\/1064\/revisions\/4410"}],"wp:attachment":[{"href":"https:\/\/www.ultimobaile.com\/index.php?rest_route=%2Fwp%2Fv2%2Fmedia&parent=1064"}],"wp:term":[{"taxonomy":"category","embeddable":true,"href":"https:\/\/www.ultimobaile.com\/index.php?rest_route=%2Fwp%2Fv2%2Fcategories&post=1064"},{"taxonomy":"post_tag","embeddable":true,"href":"https:\/\/www.ultimobaile.com\/index.php?rest_route=%2Fwp%2Fv2%2Ftags&post=1064"}],"curies":[{"name":"wp","href":"https:\/\/api.w.org\/{rel}","templated":true}]}}