{"id":1059,"date":"2009-04-17T13:39:47","date_gmt":"2009-04-17T16:39:47","guid":{"rendered":"http:\/\/www.ultimobaile.com\/?p=1059"},"modified":"2025-12-24T13:03:41","modified_gmt":"2025-12-24T16:03:41","slug":"joao-henrique-um-prefeito-que-internacionaliza-a-cidade","status":"publish","type":"post","link":"https:\/\/www.ultimobaile.com\/?p=1059","title":{"rendered":"Jo\u00e3o Henrique: um prefeito que internacionaliza a cidade"},"content":{"rendered":"<p style=\"text-align: justify;\">Do blog <a href=\"http:\/\/bahiaempauta.com.br\/?p=1393\" target=\"_blank\">Bahia em Pauta<\/a>, do excelente <strong>Vitor Hugo Soares<\/strong> (que escreve na brilhante <a href=\"http:\/\/terramagazine.terra.com.br\/\" target=\"_blank\">Terra Magazine<\/a> de <strong>Bob Fernandes<\/strong>):<\/p>\n<blockquote>\n<h3>Grito baiano contra a especula\u00e7\u00e3o alcan\u00e7a a Europa<\/h3>\n<p>O grito de Vila Brand\u00e3o em Viena<br \/>\n<a href=\"http:\/\/bahiaempauta.com.br\/wp-content\/uploads\/2009\/03\/especulacao1.jpg\"><img loading=\"lazy\" decoding=\"async\" class=\"alignnone size-medium wp-image-1395\" title=\"especulacao1\" src=\"http:\/\/bahiaempauta.com.br\/wp-content\/uploads\/2009\/03\/especulacao1-300x224.jpg\" alt=\"\" width=\"300\" height=\"224\" \/><\/a><\/p>\n<p style=\"text-align: justify;\">Alcan\u00e7aram v\u00e1rios pa\u00edses da Europa &#8211; e com grande intensidade &#8211; os apelos dos moradores da Vila Brand\u00e3o, em Salvador, contra a amea\u00e7a de expropria\u00e7\u00e3o da \u00e1rea onde vive uma comunidade de 360 fam\u00edlias, depois de 60 anos de posse pac\u00edfica. Ontem (28), durante a manifesta\u00e7\u00e3o \u201ccontra a especula\u00e7\u00e3o financeira mundial\u201d, que reuniu mais de 20 mil participantes em frente ao Parlamento da \u00c1ustria, em Viena, uma das faixas mais destacadas dizia:\u201dViva a Vila Brand\u00e3o, amea\u00e7ada de expropria\u00e7\u00e3o em Salvador\/Brasil\u201d:<\/p>\n<p style=\"text-align: justify;\">Os protestos se repetiram em Berlim, Frankfurt, Londres e Roma. Na Alemanha circulou abaixo-assinado em defesa das reivindica\u00e7\u00f5es da comunidade baiana. Vila Brand\u00e3o est\u00e1 localizada no elegante bairro da Barra e ocupa uma das \u00e1reas mais valorizadas da capital baiana, considerada uma esp\u00e9cie de \u201cfil\u00e9 mignon\u201d da especula\u00e7\u00e3o imobili\u00e1ria na terceira maior cidade do Pa\u00eds, que hoje comemora 460 anos de funda\u00e7\u00e3o, sem conseguir resolver um de seus mais graves problemas urbanos e sociais: o habitacional.<\/p>\n<p style=\"text-align: justify;\">O documento com pedido de ades\u00e3o enviada pela Internet tamb\u00e9m para centenas de pessoas em v\u00e1rias regi\u00f5es do Brasil ( http:\/\/www.ipetitions.com\/petition\/vilabrandao\/) informa que A Vila Brand\u00e3o \u00e9 uma comunidade de 350 fam\u00edlias , fundada nos anos 1940. &#8220;De vida pacata e mais ou menos tranquila\u201d. Habitada por dom\u00e9sticas, funcion\u00e1rios p\u00fablicos, pescadores, pedreiros, artistas estrangeiros, estudantes, professores\u2026<\/p>\n<p style=\"text-align: justify;\">Hospitaleira, aberta para todos os vizinhos. Zeladora da natureza, das plantas, da fauna, e do mar\u2026 fazendo ali uma das poucas \u00e1reas preservada, cuidando do verde necess\u00e1rio para essa cidade!\u201d, assinala o texto do abaixo-assinado<\/p>\n<p style=\"text-align: justify;\">De acordo ainda com o documento, ainda assim a comunidade esta sempre envolvida em alguma briga. \u201cE na briga atual tem grandes e poderosos envolvidos\u201d, pois envolve uma \u00e1rea total de 17.700 m2 numa das melhores localiza\u00e7\u00f5es de Salvador (n\u00e3o \u00e9 s\u00f3 a Vila Brand\u00e3o, mas toda a \u00e1rea verde da Ladeira da Barra\u201d . Os moradores da comunidade pagam o IPTU, em sua maioria j\u00e1 h\u00e1 muitos anos , mas se sentem amea\u00e7ados de expropria\u00e7\u00e3o de sua \u00e1rea de moradia, desde que a administra\u00e7\u00e3o do prefeito Jo\u00e3o Henrique, ainda em seu primeiro mandato, conseguiu a aprova\u00e7\u00e3o pela C\u00e2mara de Vereadores do novo PDDU, que libera gabaritos e permite a constru\u00e7\u00e3o de altos e sofisticados edif\u00edcios na beira do mar.<\/p>\n<\/blockquote>\n<p style=\"text-align: justify;\"><span style=\"text-decoration: underline;\">Coment\u00e1rio:<\/span> Jo\u00e3o Henrique \u00e9 o melhor prefeito que Salvador j\u00e1 teve: tornou-a conhecida internacionalmente como uma cidade <a href=\"https:\/\/www.ultimobaile.com\/?p=916\" target=\"_blank\">que prefere pr\u00e9dio \u00e0 gente<\/a>!<\/p>\n","protected":false},"excerpt":{"rendered":"<p>Do blog Bahia em Pauta, do excelente Vitor Hugo Soares (que escreve na brilhante Terra Magazine de Bob Fernandes): Grito baiano contra a especula\u00e7\u00e3o alcan\u00e7a a Europa O grito de Vila Brand\u00e3o em Viena Alcan\u00e7aram v\u00e1rios pa\u00edses da Europa &#8211; e com grande intensidade &#8211; os apelos dos moradores da [&hellip;]<\/p>\n","protected":false},"author":2,"featured_media":0,"comment_status":"closed","ping_status":"open","sticky":false,"template":"","format":"standard","meta":{"footnotes":""},"categories":[9],"tags":[20,568,353,567,15,585],"class_list":["post-1059","post","type-post","status-publish","format-standard","hentry","category-01viver","tag-bahia","tag-especulacao-imobiliaria","tag-joao-henrique-barradas-carneiro","tag-prefeitura-municipal-de-salvador","tag-salvador","tag-vila-brandao"],"_links":{"self":[{"href":"https:\/\/www.ultimobaile.com\/index.php?rest_route=\/wp\/v2\/posts\/1059","targetHints":{"allow":["GET"]}}],"collection":[{"href":"https:\/\/www.ultimobaile.com\/index.php?rest_route=\/wp\/v2\/posts"}],"about":[{"href":"https:\/\/www.ultimobaile.com\/index.php?rest_route=\/wp\/v2\/types\/post"}],"author":[{"embeddable":true,"href":"https:\/\/www.ultimobaile.com\/index.php?rest_route=\/wp\/v2\/users\/2"}],"replies":[{"embeddable":true,"href":"https:\/\/www.ultimobaile.com\/index.php?rest_route=%2Fwp%2Fv2%2Fcomments&post=1059"}],"version-history":[{"count":5,"href":"https:\/\/www.ultimobaile.com\/index.php?rest_route=\/wp\/v2\/posts\/1059\/revisions"}],"predecessor-version":[{"id":4411,"href":"https:\/\/www.ultimobaile.com\/index.php?rest_route=\/wp\/v2\/posts\/1059\/revisions\/4411"}],"wp:attachment":[{"href":"https:\/\/www.ultimobaile.com\/index.php?rest_route=%2Fwp%2Fv2%2Fmedia&parent=1059"}],"wp:term":[{"taxonomy":"category","embeddable":true,"href":"https:\/\/www.ultimobaile.com\/index.php?rest_route=%2Fwp%2Fv2%2Fcategories&post=1059"},{"taxonomy":"post_tag","embeddable":true,"href":"https:\/\/www.ultimobaile.com\/index.php?rest_route=%2Fwp%2Fv2%2Ftags&post=1059"}],"curies":[{"name":"wp","href":"https:\/\/api.w.org\/{rel}","templated":true}]}}