{"id":1054,"date":"2009-04-17T07:53:21","date_gmt":"2009-04-17T10:53:21","guid":{"rendered":"http:\/\/www.ultimobaile.com\/?p=1054"},"modified":"2025-12-24T13:03:41","modified_gmt":"2025-12-24T16:03:41","slug":"pior-do-que-eu-pensava","status":"publish","type":"post","link":"https:\/\/www.ultimobaile.com\/?p=1054","title":{"rendered":"Pior do que eu pensava"},"content":{"rendered":"<p style=\"text-align: justify;\">O tal <a href=\"https:\/\/www.ultimobaile.com\/?p=1043\" target=\"_blank\">cartaz comemorativo dos 460 anos desta Capital Barroca<\/a> \u00e9 pior do que eu supunha. A frase que cont\u00e9m \u00e9: &#8220;Salvador: uma cidade de bra\u00e7os abertos para o futuro!&#8221; &#8211; aliado a cara de p\u00e2nico de Antonio Frederico de Castro e Alves, o maior poeta da l\u00edngua portuguesa no interregno entre Bocage e Quental, inclusive sob o aspecto do rigor formal. <\/p>\n<p style=\"text-align: justify;\">De que o Poeta da Liberdade teria medo? A impress\u00e3o que d\u00e1 n\u00e3o \u00e9 (apenas) de que Castro (enquanto simbolo da cidade que se ergue com Jo\u00e3o Henrique) empurra o povo pra longe; mas, paradoxalmente, como a cidade (que Jo\u00e3o Henrique destr\u00f3i) que tenta n\u00e3o ser caustrofobizada pela especula\u00e7\u00e3o imobili\u00e1ria.<\/p>\n<p style=\"text-align: justify;\">N\u00e3o \u00e9 pra menos: o objetivo de vida do Basti\u00e3o do Retrocesso \u00e9 cegar a maior e mais limpa ba\u00eda do hemisf\u00e9rio sul &#8211; aquela que a est\u00e1tua do poeta (feita por ningu\u00e9m menos que Paschale de Chirico) aponta, oferece, como um banquete aos olhos de todos que passam.<\/p>\n<p style=\"text-align: justify;\">Na Pra\u00e7a Castro Alves mesmo corre a boca mi\u00fada que Jo\u00e3o Mam\u00e3o teve a id\u00e9ia azinina de fazer um &#8220;Teatro Municipal&#8221;, com projeto de Niemeyer (medo! &#8211; este blogueiro considera Niemeyer, enquanto arquiteto, o pior arquiteto do mundo; e Lucio Costa, enquanto urbanista, o pior urbanista do mundo: basta ver o desastre que \u00e9 Brasilia e a Barra da Tijuca, em compara\u00e7\u00e3o com a \u00e1rea do Plano Agache-Reidi no Rio de Janeiro. N\u00e3o obstante, Lucio como arquiteto \u00e9 \u00f3timo). Por sorte nem o velho comunista centen\u00e1rio soube disso formalmente.<\/p>\n<p style=\"text-align: justify;\">Pra que Jo\u00e3o Henrique quer um &#8220;Municipal&#8221;? Um Teatro Municipal, no Brasil, em capitais, significa uma Casa de \u00d3pera. A maioria delas s\u00e3o municipais, mas nem todas. No Rio h\u00e1 duas: uma municipal (o Municipal mesmo) e outra federal (sede da Sinf\u00f4nica Nacional). Em Sampa, duas: o Municipal, e a Julio Prestes (uma das melhores salas de concerto do planeta), estadual e sede da at\u00e9 meses atr\u00e1s melhor sinf\u00f4nica do planeta em muitas d\u00e9cadas, a OSESP. <\/p>\n<p style=\"text-align: justify;\">Salvador j\u00e1 tem uma casa de \u00f3peras invej\u00e1vel para qualquer cidade do mundo: o Teatro Castro Alves. E o Munic\u00edpio tem um teatro, ali\u00e1s projetado por Lina Bo Bardi, ali\u00e1s no alardeado Complexo Cultural da Barroquinha (que inaugurou, mas t\u00e1 fechado), e que ali\u00e1s a cidade usa pouco: o Greg\u00f3rio de Matos. Reza a lenda que Jo\u00e3o Henrique vai transform\u00e1-lo em pinacoteca municipal. Para-al\u00e9m de isso ser uma desutiliza\u00e7\u00e3o de um espa\u00e7o projetado especificamente para artes c\u00eanicas, de onde ele vai tirar dinheiro para manter e comprar cole\u00e7\u00e3o pict\u00f3rica?! <\/p>\n<p style=\"text-align: justify;\">A \u00faltima do Menino Mij\u00e3o \u00e9 ficar disputando tamanho de pau com Castro Alves, Antonio Baobino e Greg\u00f3rio de Matos. Evidentemente vai perder. <\/p>\n","protected":false},"excerpt":{"rendered":"<p>O tal cartaz comemorativo dos 460 anos desta Capital Barroca \u00e9 pior do que eu supunha. A frase que cont\u00e9m \u00e9: &#8220;Salvador: uma cidade de bra\u00e7os abertos para o futuro!&#8221; &#8211; aliado a cara de p\u00e2nico de Antonio Frederico de Castro e Alves, o maior poeta da l\u00edngua portuguesa no [&hellip;]<\/p>\n","protected":false},"author":2,"featured_media":0,"comment_status":"closed","ping_status":"open","sticky":false,"template":"","format":"standard","meta":{"footnotes":""},"categories":[9],"tags":[20,638,353,15],"class_list":["post-1054","post","type-post","status-publish","format-standard","hentry","category-01viver","tag-bahia","tag-castro-alves","tag-joao-henrique-barradas-carneiro","tag-salvador"],"_links":{"self":[{"href":"https:\/\/www.ultimobaile.com\/index.php?rest_route=\/wp\/v2\/posts\/1054","targetHints":{"allow":["GET"]}}],"collection":[{"href":"https:\/\/www.ultimobaile.com\/index.php?rest_route=\/wp\/v2\/posts"}],"about":[{"href":"https:\/\/www.ultimobaile.com\/index.php?rest_route=\/wp\/v2\/types\/post"}],"author":[{"embeddable":true,"href":"https:\/\/www.ultimobaile.com\/index.php?rest_route=\/wp\/v2\/users\/2"}],"replies":[{"embeddable":true,"href":"https:\/\/www.ultimobaile.com\/index.php?rest_route=%2Fwp%2Fv2%2Fcomments&post=1054"}],"version-history":[{"count":4,"href":"https:\/\/www.ultimobaile.com\/index.php?rest_route=\/wp\/v2\/posts\/1054\/revisions"}],"predecessor-version":[{"id":1058,"href":"https:\/\/www.ultimobaile.com\/index.php?rest_route=\/wp\/v2\/posts\/1054\/revisions\/1058"}],"wp:attachment":[{"href":"https:\/\/www.ultimobaile.com\/index.php?rest_route=%2Fwp%2Fv2%2Fmedia&parent=1054"}],"wp:term":[{"taxonomy":"category","embeddable":true,"href":"https:\/\/www.ultimobaile.com\/index.php?rest_route=%2Fwp%2Fv2%2Fcategories&post=1054"},{"taxonomy":"post_tag","embeddable":true,"href":"https:\/\/www.ultimobaile.com\/index.php?rest_route=%2Fwp%2Fv2%2Ftags&post=1054"}],"curies":[{"name":"wp","href":"https:\/\/api.w.org\/{rel}","templated":true}]}}