{"id":1043,"date":"2009-04-12T20:20:36","date_gmt":"2009-04-12T23:20:36","guid":{"rendered":"http:\/\/www.ultimobaile.com\/?p=1043"},"modified":"2025-12-24T13:03:42","modified_gmt":"2025-12-24T16:03:42","slug":"afastai-vos-de-mim-oh-povo","status":"publish","type":"post","link":"https:\/\/www.ultimobaile.com\/?p=1043","title":{"rendered":"&#8220;Afastai-vos de mim, oh povo!&#8221;"},"content":{"rendered":"<p style=\"text-align: justify; \">Mais um epis\u00f3dio imag\u00e9tico da pol\u00edtica anti-povo do segundo mandato de Jo\u00e3o Henrique \u00e9 o cartaz comemorativo de 460 da Capital Diasp\u00f3rica, ainda encontr\u00e1vel em alguns outdoors da cidade. Consiste uma foto da est\u00e1tua de Castro Alves, s\u00f3 que com os dois bra\u00e7os abertos, e um dizer de &#8220;Uma cidade de bra\u00e7os abertos pra voc\u00ea&#8221;.<\/p>\n<p style=\"text-align: justify; \">\u00c9 pena que eu n\u00e3o tenha encontrado a imagem n\u00e1 internet. Al\u00e9m de pateticamente mal-feita, \u00e9 colonialista, obviamente imitando o Cristo Redentor do Rio de Janeiro. Al\u00e9m disso, distorce a j\u00e1 convidativa e simb\u00f3lica est\u00e1tua do poeta, que com uma m\u00e3o estendida mostra onde o sol se p\u00f5e e parece oferecer aos transeuntes a ba\u00eda de Todos os Santos como d\u00e1diva.<\/p>\n<p style=\"text-align: justify; \">Mas principalmente, na foto Castro Alves n\u00e3o parece estar em vias de abra\u00e7ar ningu\u00e9m: de m\u00e3os espalmadas com dedos abertos, parece fugir e empurrar para longe uma multid\u00e3o que o encurrala. Para-al\u00e9m de isso ser uma proje\u00e7\u00e3o inconsciente do pr\u00f3prio Alc\u00e1ide Nevropata, vai a\u00ed uma clara posi\u00e7\u00e3o anti-povo, no melhor estilo &#8220;<a href=\"https:\/\/www.ultimobaile.com\/?p=916\" target=\"_blank\">Ao inv\u00e9s de gente, pr\u00e9dio<\/a>&#8221; &#8211; tanto mais porque \u00e9 cantado em prosa &amp; verso que aos p\u00e9s do poeta a massa humana se aconchega para descansar de olho na festa que tamb\u00e9m ele acolhe e participa: o carnaval. <\/p>\n<p style=\"text-align: justify; \">O Menino Maluquinho n\u00e3o tinha presente, ou convite de anivers\u00e1rio, melhor pra dar a Capital Barroca e a seu poeta maior n\u00e3o?! <\/p>\n","protected":false},"excerpt":{"rendered":"<p>Mais um epis\u00f3dio imag\u00e9tico da pol\u00edtica anti-povo do segundo mandato de Jo\u00e3o Henrique \u00e9 o cartaz comemorativo de 460 da Capital Diasp\u00f3rica, ainda encontr\u00e1vel em alguns outdoors da cidade. Consiste uma foto da est\u00e1tua de Castro Alves, s\u00f3 que com os dois bra\u00e7os abertos, e um dizer de &#8220;Uma cidade [&hellip;]<\/p>\n","protected":false},"author":2,"featured_media":0,"comment_status":"closed","ping_status":"open","sticky":false,"template":"","format":"standard","meta":{"footnotes":""},"categories":[12,9],"tags":[20,85,638,568,149,240,634,122,633,15],"class_list":["post-1043","post","type-post","status-publish","format-standard","hentry","category-01ver","category-01viver","tag-bahia","tag-carlismo","tag-castro-alves","tag-especulacao-imobiliaria","tag-geddel-vieira-lima","tag-joao-henrique-carneiro","tag-neo-carlismo","tag-pmdb","tag-prefeitura-de-salvador","tag-salvador"],"_links":{"self":[{"href":"https:\/\/www.ultimobaile.com\/index.php?rest_route=\/wp\/v2\/posts\/1043","targetHints":{"allow":["GET"]}}],"collection":[{"href":"https:\/\/www.ultimobaile.com\/index.php?rest_route=\/wp\/v2\/posts"}],"about":[{"href":"https:\/\/www.ultimobaile.com\/index.php?rest_route=\/wp\/v2\/types\/post"}],"author":[{"embeddable":true,"href":"https:\/\/www.ultimobaile.com\/index.php?rest_route=\/wp\/v2\/users\/2"}],"replies":[{"embeddable":true,"href":"https:\/\/www.ultimobaile.com\/index.php?rest_route=%2Fwp%2Fv2%2Fcomments&post=1043"}],"version-history":[{"count":4,"href":"https:\/\/www.ultimobaile.com\/index.php?rest_route=\/wp\/v2\/posts\/1043\/revisions"}],"predecessor-version":[{"id":1053,"href":"https:\/\/www.ultimobaile.com\/index.php?rest_route=\/wp\/v2\/posts\/1043\/revisions\/1053"}],"wp:attachment":[{"href":"https:\/\/www.ultimobaile.com\/index.php?rest_route=%2Fwp%2Fv2%2Fmedia&parent=1043"}],"wp:term":[{"taxonomy":"category","embeddable":true,"href":"https:\/\/www.ultimobaile.com\/index.php?rest_route=%2Fwp%2Fv2%2Fcategories&post=1043"},{"taxonomy":"post_tag","embeddable":true,"href":"https:\/\/www.ultimobaile.com\/index.php?rest_route=%2Fwp%2Fv2%2Ftags&post=1043"}],"curies":[{"name":"wp","href":"https:\/\/api.w.org\/{rel}","templated":true}]}}