{"id":1041,"date":"2009-04-10T16:37:51","date_gmt":"2009-04-10T19:37:51","guid":{"rendered":"http:\/\/www.ultimobaile.com\/?p=1041"},"modified":"2025-12-24T13:03:42","modified_gmt":"2025-12-24T16:03:42","slug":"museus-fechados-em-pleno-feriado","status":"publish","type":"post","link":"https:\/\/www.ultimobaile.com\/?p=1041","title":{"rendered":"Museus fechados em pleno feriado"},"content":{"rendered":"<p style=\"text-align: justify;\">Fui tentar ver a exposi\u00e7\u00e3o da cole\u00e7\u00e3o Lina Bardi de arte popular, no Solar Ferr\u00e3o, hoje. Pelourinho cheio, por causa da <a href=\"http:\/\/santasemana.com.br\/\" target=\"_blank\">Santa Semana de Salvador<\/a>. E o Solar Ferr\u00e3o fechado.<\/p>\n<p style=\"text-align: justify;\">Tentei a Casa do Benin; fechada. Museu Tempostal? Fechado. De Azulejaria Udo Knoff, fechado tamb\u00e9m. <\/p>\n<p style=\"text-align: justify;\">Mais: ningu\u00e9m sabia informar nada o porque disso, j\u00e1 que na p\u00e1gina do IPAC todos estes museus \u00e9 dito que abrem em fins de semana e feriados (e de fato abrem: j\u00e1 fui no Solar Ferr\u00e3o v\u00e1rias vezes dias de s\u00e1bado e domingo). <\/p>\n<p style=\"text-align: justify;\">Onde \u00e9 que esse povo do IPAC t\u00e1 com a cabe\u00e7a de fechar o maior conjunto de museus do pa\u00eds, fora de S\u00e3o Paulo, no meio de um feriado?!<\/p>\n<p style=\"text-align: justify;\">Quando digo que a pol\u00edtica de museus atual \u00e9 o ponto-de-pus no mar de efici\u00eancia que \u00e9 a SECULT, n\u00e3o estou de brincadeira. E numa cidade que tem uma cisma de conservacionismo material (por causa da chaga que \u00e9 a depreda\u00e7\u00e3o da Igreja da S\u00e9 pra passar bonde &#8211; e hoje nem bonde nem S\u00e9), vacilar na pol\u00edtica de museus pode ter o efeito de anular, no imagin\u00e1rio popular, todos os avan\u00e7os feitos pela Secretaria de Cultura em todas as outras \u00e1reas. <\/p>\n<p style=\"text-align: justify;\">Pres&#8217;ten\u00e7\u00e3o, Seo Marcio! <\/p>\n","protected":false},"excerpt":{"rendered":"<p>Fui tentar ver a exposi\u00e7\u00e3o da cole\u00e7\u00e3o Lina Bardi de arte popular, no Solar Ferr\u00e3o, hoje. Pelourinho cheio, por causa da Santa Semana de Salvador. E o Solar Ferr\u00e3o fechado. Tentei a Casa do Benin; fechada. Museu Tempostal? Fechado. De Azulejaria Udo Knoff, fechado tamb\u00e9m. Mais: ningu\u00e9m sabia informar nada [&hellip;]<\/p>\n","protected":false},"author":2,"featured_media":0,"comment_status":"closed","ping_status":"open","sticky":false,"template":"","format":"standard","meta":{"footnotes":""},"categories":[9],"tags":[631,630,140,152,195,114,155,632],"class_list":["post-1041","post","type-post","status-publish","format-standard","hentry","category-01viver","tag-instituto-do-patrimonio-artistico-e-cultural-da-bahia","tag-ipac","tag-jaques-wagner","tag-marcio-meirelles","tag-pelourinho","tag-secretaria-de-cultura-do-estado-da-bahia","tag-secult","tag-solar-ferrao"],"_links":{"self":[{"href":"https:\/\/www.ultimobaile.com\/index.php?rest_route=\/wp\/v2\/posts\/1041","targetHints":{"allow":["GET"]}}],"collection":[{"href":"https:\/\/www.ultimobaile.com\/index.php?rest_route=\/wp\/v2\/posts"}],"about":[{"href":"https:\/\/www.ultimobaile.com\/index.php?rest_route=\/wp\/v2\/types\/post"}],"author":[{"embeddable":true,"href":"https:\/\/www.ultimobaile.com\/index.php?rest_route=\/wp\/v2\/users\/2"}],"replies":[{"embeddable":true,"href":"https:\/\/www.ultimobaile.com\/index.php?rest_route=%2Fwp%2Fv2%2Fcomments&post=1041"}],"version-history":[{"count":2,"href":"https:\/\/www.ultimobaile.com\/index.php?rest_route=\/wp\/v2\/posts\/1041\/revisions"}],"predecessor-version":[{"id":4413,"href":"https:\/\/www.ultimobaile.com\/index.php?rest_route=\/wp\/v2\/posts\/1041\/revisions\/4413"}],"wp:attachment":[{"href":"https:\/\/www.ultimobaile.com\/index.php?rest_route=%2Fwp%2Fv2%2Fmedia&parent=1041"}],"wp:term":[{"taxonomy":"category","embeddable":true,"href":"https:\/\/www.ultimobaile.com\/index.php?rest_route=%2Fwp%2Fv2%2Fcategories&post=1041"},{"taxonomy":"post_tag","embeddable":true,"href":"https:\/\/www.ultimobaile.com\/index.php?rest_route=%2Fwp%2Fv2%2Ftags&post=1041"}],"curies":[{"name":"wp","href":"https:\/\/api.w.org\/{rel}","templated":true}]}}