{"id":1032,"date":"2009-04-09T18:07:47","date_gmt":"2009-04-09T21:07:47","guid":{"rendered":"http:\/\/www.ultimobaile.com\/?p=1032"},"modified":"2025-12-24T13:03:42","modified_gmt":"2025-12-24T16:03:42","slug":"o-vila-do-velho-o-xviii-tao-de-aninha","status":"publish","type":"post","link":"https:\/\/www.ultimobaile.com\/?p=1032","title":{"rendered":"O Vila do Velho &#038; o XVIII-t\u00e3o de Aninha"},"content":{"rendered":"<p style=\"text-align: justify;\">Ao fechar suas portas, alegadamente para-sempre, semana passada, o Theatro XVIII em seu folder explica os motivos. \u00c9 curioso o modo com que as coisas s\u00e3o ditas nele: primeiro, o XVIII se auto-entitula &#8220;maravilhoso e eficiente&#8221; (sic); depois, diz que o Projeto Mi\u00fados da Ladeira (grupo teatral com as crian\u00e7as moradoras do Tabo\u00e3o, pertinho do XVIII e da sede hist\u00f3rica do GGB) &#8220;salva do risco das drogas&#8221; (sic, de novo, se n\u00e3o em exatas palavras, em id\u00e9ia); por fim, que o XVIIIt\u00e3o era o \u00fanico teatro bahiano a n\u00e3o cobrar pauta, &#8220;tentando com isso dar acesso a artistas sem recursos&#8221;.<\/p>\n<p style=\"text-align: justify;\">Ora, tomemos primeiro este ponto: n\u00e3o \u00e9 com pauta grat\u00faita que se democratiza acesso ao p\u00fablico de novos artistas &#8211; e por outro lado, a pauta do XVIII era, nos bons tempos, consignada (uma percentagem da arrecada\u00e7\u00e3o do artista com ingressos), e n\u00e3o &#8220;de gra\u00e7a&#8221;. \u00c9 preciso que teatros cobrem pelos servi\u00e7os que prestam (entre eles, o aluguel do espa\u00e7o aos artistas, que \u00e9 isso que pauta \u00e9). Se a quest\u00e3o \u00e9 que a Sala do Coro, p\u00fablica, cobra 400 reais, cobre-se metade; cobre-se at\u00e9 100 reais que seja, mas cobre-se algo!<\/p>\n<p style=\"text-align: justify;\">Ademais, sim o XVIII foi maravilhoso por muito tempo &#8211; diria que foi um dos &#8220;bunkers da resist\u00eancia&#8221; quando a mediocridade reinava c\u00e1 na Diasp\u00f3rica. Junto com o Vila Velha. E sim, o Mi\u00fados da Ladeira \u00e9 um projeto importante, que mereceria maior aten\u00e7\u00e3o dos governos estaduais e municipais (n\u00e3o via SECULT, mas talvez via Desenvolvimento Urbano, Repara\u00e7\u00e3o Social, Justi\u00e7a e Cidadania, sei l\u00e1) &#8211; mas n\u00e3o opera milagres. <\/p>\n<p style=\"text-align: justify;\">Chama aten\u00e7\u00e3o que, pra anunciar sua fal\u00eancia como gestora, Aninha Franco al\u00e9m de culpar o Estado, o fa\u00e7a com uma pompa narc\u00edsica sem nenhuma autocr\u00edtica. Vergonha alheia profunda tive quando vi &#8211; at\u00e9 pelo tanto que a admiro (ou admirava). Ela se auto-proclama a &#8220;Rainha da dramaturgia bahiana&#8221;. Ora, h\u00e1 muita gente produzindo texto teatral na nova gera\u00e7\u00e3o que nada tem a ver com ela, e faz melhor que ela. Pra ficar em um s\u00f3 nome, cito Paulo Henrique Alc\u00e2ntara, dos excelentes &#8220;L\u00e1bios que Beijei&#8221; e &#8220;Bolero&#8221;. <\/p>\n<p style=\"text-align: justify;\">Se o XVIII foi um ponto de resist\u00eancia, o Vila Velha tamb\u00e9m foi. Com uma diferen\u00e7a: quando o atual Secret\u00e1rio de Cultura o assume, a mais de 10 anos, ele estava fechado, endividado e decr\u00e9pito. Hoje \u00e9 um dos mais vicejantes fomentadores culturais da Am\u00e9rica Latina (n\u00e3o sou eu quem afirma isso, apenas) &#8211; motivo ali\u00e1s pelo qual ele foi escolhido pra pasta de Cultura de Jaques Wagner. <\/p>\n<p style=\"text-align: justify;\">Fez isso sem receber um puto de dinheiro p\u00fablico, e se hoje o Vila recebe \u00e9 como qualquer outro teatro &#8211; at\u00e9 porque M\u00e1rcio se afastou completamente da gest\u00e3o do Vila. <\/p>\n<p style=\"text-align: justify;\">Eis duas diferen\u00e7as de gest\u00e3o. O XVIII vivia a reclamar que &#8220;o Pelourinho t\u00e1 abandonado&#8221;, mas nada fazia a respeito. Abria burocraticamente, de quinta a s\u00e1bado, apenas de noite, e fim de papo. O Largo Dos Aflitos, onde fica o Vila, n\u00e3o \u00e9 menos abandonado. Mas os dois ambientes do Vila (o Cabar\u00e9 dos Novos e a Sala Principal) s\u00e3o ocupados diuturnamente, \u00e0s vezes por mais de um turno por dia, de segunda a segunda. N\u00e3o satisfeito, o Vila faz ensaios abertos nos jardins (estes sim, abandonados) do Passeio P\u00fablico, e comprou o Teatro Gamboa. E ainda \u00e9 sede de diversos grupos teatrais, desde premiad\u00edssimo Bando de Teatro Olodum, at\u00e9 A Outra Compania de Teatro.<\/p>\n<p style=\"text-align: justify;\">N\u00e3o atoa, o XVIIIt\u00e3o foi o \u00fanico teatro a <strong>n\u00e3o<\/strong> sediar o <a href=\"https:\/\/www.ultimobaile.com\/?s=FIAC+OUTUBRO+2008&amp;submit=IR\" target=\"_blank\">Festival Internacional de Artes C\u00eanicas da Bahia (FIAC-BA)<\/a> ano passado. Porque n\u00e3o quis.<\/p>\n<p style=\"text-align: justify;\">O Teatro Gamboa \u00e9 min\u00fasculo como o XVIII. Fica na \u00e1rea problem\u00e1tica da Gamboa, que mistura prostitui\u00e7\u00e3o com luxo gastron\u00f4mico (o Chez Bernard, o melhor restaurante franc\u00eas do pa\u00eds a 60 anos, e n\u00e3o se fala mais nisso!). E bomba! Teria tudo para dar errado como o XVIII, e n\u00e3o d\u00e1. Motivo? Gest\u00e3o.<\/p>\n<p style=\"text-align: justify;\">Sou servidor p\u00fablico em duas secretarias estaduais: Sa\u00fade (por carreira) e Administra\u00e7\u00e3o (tempor\u00e1rio, mas por sele\u00e7\u00e3o p\u00fablica de provas e t\u00edtulos) &#8211; em ambas a SECULT \u00e9 comentada como modelo de gest\u00e3o. N\u00e3o de gest\u00e3o cultural apenas &#8211; mas de gest\u00e3o p\u00fablica para qualquer setor.<\/p>\n<p style=\"text-align: justify;\">A\u00ed me lembro das afirma\u00e7\u00f5es dos detratores de M\u00e1rcio: &#8220;Volta pro Vila, Velho!&#8221;. Ora, essa frase \u00e9 falaciosa de sa\u00edda: o &#8220;volta pro Vila&#8221; pressup\u00f5e que o Vila \u00e9 bom, e o trabalho de M\u00e1rcio l\u00e1 \u00e9 melhor ainda. Se um cara que consegue fazer de um teatro decadente uma refer\u00eancia internacional em 10 anos n\u00e3o serve pra ser Secret\u00e1rio de Cultura, quem serviria?! <\/p>\n<p style=\"text-align: justify;\">O XVIII ter sido um dos &#8220;bunkers da resist\u00eancia ao axezismo&#8221; (lembro que ele sediou a segunda e virulenta vers\u00e3o de <em>Los Catedr\u00e1sticos &#8211; Recital da Nov\u00edssima Poesia Bahiana<\/em>, o primeiro ataque sistem\u00e1tico ao axezismo), n\u00e3o significa que ele saiba sobreviver agora, que tudo mudou. J\u00e1 disse aqui antes que seria preciso se adaptar para sufar a grande onda, agora positiva, que a Bahia vive. Saber surf\u00e1-la n\u00e3o quer dizer que o estabelecimento seja bom: o critic\u00e1vel Glauber Rocha ArtePlex bem ou mal sabe; o excelente XVIIIt\u00e3o, n\u00e3o soube&#8230;<\/p>\n<p style=\"text-align: justify;\">N\u00e3o obstante, vai aqui uma sugest\u00e3o: estatizem o XVIII! Se a Prefeitura fosse proativa, o comprava &#8211; seria o primeiro passo para des-vaticanizar o Pelourinho, como diz Walter Pinheiro; como n\u00e3o far\u00e1, que o fa\u00e7a o Estado. Nem que seja para torn\u00e1-lo de capital misto. O XVIII n\u00e3o precisa exatamente de um banho de dinheiro &#8211; um banho de gest\u00e3o, a la M\u00e1rcio\/Wagner j\u00e1 lhe faria bem. <\/p>\n","protected":false},"excerpt":{"rendered":"<p>Ao fechar suas portas, alegadamente para-sempre, semana passada, o Theatro XVIII em seu folder explica os motivos. \u00c9 curioso o modo com que as coisas s\u00e3o ditas nele: primeiro, o XVIII se auto-entitula &#8220;maravilhoso e eficiente&#8221; (sic); depois, diz que o Projeto Mi\u00fados da Ladeira (grupo teatral com as crian\u00e7as [&hellip;]<\/p>\n","protected":false},"author":2,"featured_media":0,"comment_status":"closed","ping_status":"open","sticky":false,"template":"","format":"standard","meta":{"footnotes":""},"categories":[9],"tags":[320,20,152,15,165,629],"class_list":["post-1032","post","type-post","status-publish","format-standard","hentry","category-01viver","tag-aninha-franco","tag-bahia","tag-marcio-meirelles","tag-salvador","tag-teatro-vila-velha","tag-theatro-xviii"],"_links":{"self":[{"href":"https:\/\/www.ultimobaile.com\/index.php?rest_route=\/wp\/v2\/posts\/1032","targetHints":{"allow":["GET"]}}],"collection":[{"href":"https:\/\/www.ultimobaile.com\/index.php?rest_route=\/wp\/v2\/posts"}],"about":[{"href":"https:\/\/www.ultimobaile.com\/index.php?rest_route=\/wp\/v2\/types\/post"}],"author":[{"embeddable":true,"href":"https:\/\/www.ultimobaile.com\/index.php?rest_route=\/wp\/v2\/users\/2"}],"replies":[{"embeddable":true,"href":"https:\/\/www.ultimobaile.com\/index.php?rest_route=%2Fwp%2Fv2%2Fcomments&post=1032"}],"version-history":[{"count":9,"href":"https:\/\/www.ultimobaile.com\/index.php?rest_route=\/wp\/v2\/posts\/1032\/revisions"}],"predecessor-version":[{"id":4414,"href":"https:\/\/www.ultimobaile.com\/index.php?rest_route=\/wp\/v2\/posts\/1032\/revisions\/4414"}],"wp:attachment":[{"href":"https:\/\/www.ultimobaile.com\/index.php?rest_route=%2Fwp%2Fv2%2Fmedia&parent=1032"}],"wp:term":[{"taxonomy":"category","embeddable":true,"href":"https:\/\/www.ultimobaile.com\/index.php?rest_route=%2Fwp%2Fv2%2Fcategories&post=1032"},{"taxonomy":"post_tag","embeddable":true,"href":"https:\/\/www.ultimobaile.com\/index.php?rest_route=%2Fwp%2Fv2%2Ftags&post=1032"}],"curies":[{"name":"wp","href":"https:\/\/api.w.org\/{rel}","templated":true}]}}