{"id":1030,"date":"2009-04-08T05:43:00","date_gmt":"2009-04-08T08:43:00","guid":{"rendered":"http:\/\/www.ultimobaile.com\/?p=1030"},"modified":"2025-12-24T13:03:42","modified_gmt":"2025-12-24T16:03:42","slug":"hoje-tem-mozart-nas-igrejas","status":"publish","type":"post","link":"https:\/\/www.ultimobaile.com\/?p=1030","title":{"rendered":"Hoje tem Mozart nas Igrejas"},"content":{"rendered":"<p style=\"text-align: justify;\">Fui h\u00e1 duas semanas na abertura da S\u00e9rie Mozart, da OSBA, esse ano, na Igreja de S\u00e3o Francisco. Est\u00e1 ainda melhor! Algumas modifica\u00e7\u00f5es de repert\u00f3rio foram feitas: ao inv\u00eas de tr\u00eas pe\u00e7as de Mozart (eram dois concertos menores e uma sinfonia), apenas uma dele (sinfonia), outra de algum contempor\u00e2neo (no caso foi Haynd), e outra de algum compositor do barroco brasileiro.<\/p>\n<p style=\"text-align: justify;\">Assim, a S\u00e9rie Mozart deixa de apresentar Mozart ao grande p\u00fablico, e passa a focar a apresenta\u00e7\u00e3o do ambiente cultural da virada dos s\u00e9culos XVIII para o XIX no mundo e no Brasil Col\u00f4nia.<\/p>\n<p style=\"text-align: justify;\">Hoje \u00e9 na Concei\u00e7\u00e3o da Praia (Com\u00e9rcio), \u00e0s 20h. \u00c9 bom chegar cedo porque, como sempre, lota!<\/p>\n","protected":false},"excerpt":{"rendered":"<p>Fui h\u00e1 duas semanas na abertura da S\u00e9rie Mozart, da OSBA, esse ano, na Igreja de S\u00e3o Francisco. Est\u00e1 ainda melhor! Algumas modifica\u00e7\u00f5es de repert\u00f3rio foram feitas: ao inv\u00eas de tr\u00eas pe\u00e7as de Mozart (eram dois concertos menores e uma sinfonia), apenas uma dele (sinfonia), outra de algum contempor\u00e2neo (no [&hellip;]<\/p>\n","protected":false},"author":2,"featured_media":0,"comment_status":"closed","ping_status":"open","sticky":false,"template":"","format":"standard","meta":{"footnotes":""},"categories":[12,9],"tags":[20,164,628,623,626,627,158,160,625,161,162,624,15],"class_list":["post-1030","post","type-post","status-publish","format-standard","hentry","category-01ver","category-01viver","tag-bahia","tag-barroco","tag-barroco-brasileiro","tag-haynd","tag-igreja-da-conceicao-da-praia","tag-igreja-de-sao-francisco","tag-mozart","tag-musica-erudita","tag-neoclassico","tag-orquestra-sinfonica-da-bahia","tag-osba","tag-rococo","tag-salvador"],"_links":{"self":[{"href":"https:\/\/www.ultimobaile.com\/index.php?rest_route=\/wp\/v2\/posts\/1030","targetHints":{"allow":["GET"]}}],"collection":[{"href":"https:\/\/www.ultimobaile.com\/index.php?rest_route=\/wp\/v2\/posts"}],"about":[{"href":"https:\/\/www.ultimobaile.com\/index.php?rest_route=\/wp\/v2\/types\/post"}],"author":[{"embeddable":true,"href":"https:\/\/www.ultimobaile.com\/index.php?rest_route=\/wp\/v2\/users\/2"}],"replies":[{"embeddable":true,"href":"https:\/\/www.ultimobaile.com\/index.php?rest_route=%2Fwp%2Fv2%2Fcomments&post=1030"}],"version-history":[{"count":1,"href":"https:\/\/www.ultimobaile.com\/index.php?rest_route=\/wp\/v2\/posts\/1030\/revisions"}],"predecessor-version":[{"id":1031,"href":"https:\/\/www.ultimobaile.com\/index.php?rest_route=\/wp\/v2\/posts\/1030\/revisions\/1031"}],"wp:attachment":[{"href":"https:\/\/www.ultimobaile.com\/index.php?rest_route=%2Fwp%2Fv2%2Fmedia&parent=1030"}],"wp:term":[{"taxonomy":"category","embeddable":true,"href":"https:\/\/www.ultimobaile.com\/index.php?rest_route=%2Fwp%2Fv2%2Fcategories&post=1030"},{"taxonomy":"post_tag","embeddable":true,"href":"https:\/\/www.ultimobaile.com\/index.php?rest_route=%2Fwp%2Fv2%2Ftags&post=1030"}],"curies":[{"name":"wp","href":"https:\/\/api.w.org\/{rel}","templated":true}]}}