{"id":1026,"date":"2009-04-07T06:26:27","date_gmt":"2009-04-07T09:26:27","guid":{"rendered":"http:\/\/www.ultimobaile.com\/?p=1026"},"modified":"2025-12-24T13:03:42","modified_gmt":"2025-12-24T16:03:42","slug":"sem-medo-de-errar","status":"publish","type":"post","link":"https:\/\/www.ultimobaile.com\/?p=1026","title":{"rendered":"Sem medo de errar"},"content":{"rendered":"<p style=\"text-align: justify; \">Dizer que a Orquestra Dois de Julho \u00e9 hoje a melhor sinf\u00f4nica jovem da Am\u00e9rica Latina \u00e9 pouco &#8211; a J2J \u00e9 uma das melhores sinf\u00f4nicas do pa\u00eds! Segura de si, \u00e9 capaz de ir de Schubert a uma vers\u00e3o samba-duro de Ernesto Nazareth no bis, inclusive com parte da orquestra largando os instrumentos e  indo sambar na frente do palco, mexer, descer e subir, b-a-ba-b-e-be-b-i-bi, quero ver as cadeira bulir.<\/p>\n<p style=\"text-align: justify; \">Mesmo se comparada a m\u00edtica OSESP, de Neschling, ela tem qualidades. Dizem que a OSESP \u00e9 a orquestra que mais tem medo de errar, no mundo &#8211; e de fato, genial, mas tensa. A J2J toca sem medo de errar. Eu estou falando de meninos de 16 anos de idade, ou menos, que at\u00e9 ano e meio atr\u00e1s n\u00e3o sabiam que viola erudita n\u00e3o \u00e9 viol\u00e3o de pagod\u00e3o. <\/p>\n<p style=\"text-align: justify; \">Ricardo Castro diz: &#8220;nossos meninos aprendem r\u00e1pido porque aprendem coletivamente: \u00e9 10 vezes mais r\u00e1pido do que o aprendizado solit\u00e1rio&#8221; (<a href=\"http:\/\/pt.wikipedia.org\/wiki\/Zona_de_desenvolvimento_proximal\" target=\"_blank\">o que ali\u00e1s \u00e9 puro Vigotsky<\/a>). E \u00e9 lindo quando ele diz &#8220;nossos meninos&#8221;, quase como um paiz\u00e3o que diz: &#8220;nossos meninos ganharam o b\u00e1ba do fim de semana&#8221;, &#8220;nossos meninos t\u00e3o retados!&#8221;. <\/p>\n<p style=\"text-align: justify; \">Como a Sinf\u00f4nica da Bahia melhorou tanto e t\u00e3o r\u00e1pido? &#8211; a resposta est\u00e1 no Neojib\u00e1. Os defeitos da OSBA eram metais desafinados, e naipe de cordas desencontrados entre si. Sumiram ambos! No Neojib\u00e1, estes defeitos est\u00e3o l\u00e1 nas Orquestras Pedag\u00f3gias &#8211; e desaparecem na J2J, em que os metais brilham luminosos, e onde os arcos de violinos sobem e descem juntinhos, sincronicamente. <\/p>\n<p style=\"text-align: justify; \">O que me lembra de dizer: o Neojib\u00e1 (N\u00facleo de Orquestras Juvenis e Infantis da Bahia) vai sair de casa. Cresceu r\u00e1pido, a crian\u00e7a, e agora j\u00e1 n\u00e3o tem vaga pra todo mundo e n\u00e3o cabe mais no Teatro Castro Alves (TCA). Vai se mudar pro Barbalho, pro Teatro do ICEA. <\/p>\n<p style=\"text-align: justify; \">O &#8220;sem medo de errar&#8221; da J2J n\u00e3o \u00e9 acaso. Ele \u00e9 a cara do Governo Wagner. Lembro de Lula dizendo, em 2003, que todo mundo podia errar menos ele &#8211; e suponho que isso tenha imprimido-lhe uma paralisia ps\u00edquica respons\u00e1vel pelo desastre dos primeiros tr\u00eas anos de governo (at\u00e9 que ele errou, e feio, e viu que podia errar, sim). E lembro de Roosevelt dizendo que o importante era experimentar; se n\u00e3o der certo, experimenta de novo &#8211; um governo se faz assim.<\/p>\n<p style=\"text-align: justify; \">Wagner n\u00e3o tem medo de errar &#8211; arrisca, com c\u00e1lculo, e quase sempre acerta. \u00c9 de Oxaguian mesmo: ou seja, o Oxal\u00e1 dele n\u00e3o \u00e9 severo e velho como o de ACM &#8211; \u00e9 jovial, \u00e1gil, guerreiro, e come com Oxossi, essa vers\u00e3o yorub\u00e1 do arqueirismo zen. <\/p>\n<p style=\"text-align: justify; \">O Neojib\u00e1 criar asas me lembra que sua orquestra tem o mesmo nome que o Aeroporto de Salvador tinha, deveria ter e n\u00e3o tem (ser\u00e1 que, em voltando o carlismo, v\u00e3o mudar a J2J pra Orquestra Duquinho Magalh\u00e3es?!). O Minist\u00e9rio P\u00fablico Federal entrou com pedido pra voltar ao nome tradicional &#8211; mas, quem precisa disso quando se tem a Orquestra J\u00f3vem Dois de Julho?! <\/p>\n","protected":false},"excerpt":{"rendered":"<p>Dizer que a Orquestra Dois de Julho \u00e9 hoje a melhor sinf\u00f4nica jovem da Am\u00e9rica Latina \u00e9 pouco &#8211; a J2J \u00e9 uma das melhores sinf\u00f4nicas do pa\u00eds! Segura de si, \u00e9 capaz de ir de Schubert a uma vers\u00e3o samba-duro de Ernesto Nazareth no bis, inclusive com parte da [&hellip;]<\/p>\n","protected":false},"author":2,"featured_media":0,"comment_status":"closed","ping_status":"open","sticky":false,"template":"","format":"standard","meta":{"footnotes":""},"categories":[12,9],"tags":[20,617,140,152,160,618,619,161,162,365,15,114,155,620,171,200,622],"class_list":["post-1026","post","type-post","status-publish","format-standard","hentry","category-01ver","category-01viver","tag-bahia","tag-j2j","tag-jaques-wagner","tag-marcio-meirelles","tag-musica-erudita","tag-neojiba","tag-orquestra-dois-de-julho","tag-orquestra-sinfonica-da-bahia","tag-osba","tag-ricardo-castro","tag-salvador","tag-secretaria-de-cultura-do-estado-da-bahia","tag-secult","tag-sinfonica","tag-tca","tag-teatro-castro-alves","tag-teatro-do-iceia"],"_links":{"self":[{"href":"https:\/\/www.ultimobaile.com\/index.php?rest_route=\/wp\/v2\/posts\/1026","targetHints":{"allow":["GET"]}}],"collection":[{"href":"https:\/\/www.ultimobaile.com\/index.php?rest_route=\/wp\/v2\/posts"}],"about":[{"href":"https:\/\/www.ultimobaile.com\/index.php?rest_route=\/wp\/v2\/types\/post"}],"author":[{"embeddable":true,"href":"https:\/\/www.ultimobaile.com\/index.php?rest_route=\/wp\/v2\/users\/2"}],"replies":[{"embeddable":true,"href":"https:\/\/www.ultimobaile.com\/index.php?rest_route=%2Fwp%2Fv2%2Fcomments&post=1026"}],"version-history":[{"count":4,"href":"https:\/\/www.ultimobaile.com\/index.php?rest_route=\/wp\/v2\/posts\/1026\/revisions"}],"predecessor-version":[{"id":4415,"href":"https:\/\/www.ultimobaile.com\/index.php?rest_route=\/wp\/v2\/posts\/1026\/revisions\/4415"}],"wp:attachment":[{"href":"https:\/\/www.ultimobaile.com\/index.php?rest_route=%2Fwp%2Fv2%2Fmedia&parent=1026"}],"wp:term":[{"taxonomy":"category","embeddable":true,"href":"https:\/\/www.ultimobaile.com\/index.php?rest_route=%2Fwp%2Fv2%2Fcategories&post=1026"},{"taxonomy":"post_tag","embeddable":true,"href":"https:\/\/www.ultimobaile.com\/index.php?rest_route=%2Fwp%2Fv2%2Ftags&post=1026"}],"curies":[{"name":"wp","href":"https:\/\/api.w.org\/{rel}","templated":true}]}}