{"id":1004,"date":"2009-04-01T18:34:30","date_gmt":"2009-04-01T21:34:30","guid":{"rendered":"http:\/\/www.ultimobaile.com\/?p=1004"},"modified":"2025-12-24T13:03:42","modified_gmt":"2025-12-24T16:03:42","slug":"um-operario-a-esquerda-da-rainha","status":"publish","type":"post","link":"https:\/\/www.ultimobaile.com\/?p=1004","title":{"rendered":"Um Oper\u00e1rio \u00e0 esquerda da Rainha"},"content":{"rendered":"<p style=\"text-align: justify; \">Uma imagem vale mais do que mil palavras:<\/p>\n<div id=\"attachment_1003\" style=\"width: 510px\" class=\"wp-caption alignleft\"><a href=\"https:\/\/www.ultimobaile.com\/wp-content\/uploads\/2009\/04\/lula-rainha.jpg\"><img loading=\"lazy\" decoding=\"async\" aria-describedby=\"caption-attachment-1003\" class=\"size-full wp-image-1003\" title=\"lula-rainha\" src=\"https:\/\/www.ultimobaile.com\/wp-content\/uploads\/2009\/04\/lula-rainha.jpg\" alt=\"Em posi\u00e7\u00e3o de Primeiro-Ministro.\" width=\"500\" height=\"333\" srcset=\"https:\/\/www.ultimobaile.com\/wp-content\/uploads\/2009\/04\/lula-rainha.jpg 600w, https:\/\/www.ultimobaile.com\/wp-content\/uploads\/2009\/04\/lula-rainha-300x200.jpg 300w\" sizes=\"auto, (max-width: 500px) 100vw, 500px\" \/><\/a><p id=\"caption-attachment-1003\" class=\"wp-caption-text\">Em posi\u00e7\u00e3o de Primeiro-Ministro.<\/p><\/div>\n<p style=\"text-align: justify; \">Eu n\u00e3o tenho mais apre\u00e7o por Lula desde que tem passado a m\u00e3o na cabe\u00e7a de Daniel Mendes, digo, Dantas, e tem baixado as cal\u00e7as para Gilmar Dantas, digo, Mendes. Especialmente depois de ele silenciosamente apoiar Jo\u00e3o Henrique (com Grampinho) e silenciosamente desapoiar Walter Pinheiro.<\/p>\n<p style=\"text-align: justify; \">Mas, em cenas como estas, me d\u00e1 orgulho. H\u00e1 quanto tempo n\u00e3o ocupamos uma posi\u00e7\u00e3o dessas, no mundo? Quando antes, na hist\u00f3ria universal, um prolet\u00e1rio pau-de-arara sentou-se, por seus m\u00e9ritos, ao lado da mais longa, cordata e democr\u00e1tica dinastia hoje em atividade? <\/p>\n","protected":false},"excerpt":{"rendered":"<p>Uma imagem vale mais do que mil palavras: Eu n\u00e3o tenho mais apre\u00e7o por Lula desde que tem passado a m\u00e3o na cabe\u00e7a de Daniel Mendes, digo, Dantas, e tem baixado as cal\u00e7as para Gilmar Dantas, digo, Mendes. Especialmente depois de ele silenciosamente apoiar Jo\u00e3o Henrique (com Grampinho) e silenciosamente [&hellip;]<\/p>\n","protected":false},"author":2,"featured_media":0,"comment_status":"closed","ping_status":"open","sticky":false,"template":"","format":"standard","meta":{"footnotes":""},"categories":[12,9],"tags":[608,607,198,606],"class_list":["post-1004","post","type-post","status-publish","format-standard","hentry","category-01ver","category-01viver","tag-g20","tag-inglaterra","tag-lula","tag-rainha-elizabeth-ii"],"_links":{"self":[{"href":"https:\/\/www.ultimobaile.com\/index.php?rest_route=\/wp\/v2\/posts\/1004","targetHints":{"allow":["GET"]}}],"collection":[{"href":"https:\/\/www.ultimobaile.com\/index.php?rest_route=\/wp\/v2\/posts"}],"about":[{"href":"https:\/\/www.ultimobaile.com\/index.php?rest_route=\/wp\/v2\/types\/post"}],"author":[{"embeddable":true,"href":"https:\/\/www.ultimobaile.com\/index.php?rest_route=\/wp\/v2\/users\/2"}],"replies":[{"embeddable":true,"href":"https:\/\/www.ultimobaile.com\/index.php?rest_route=%2Fwp%2Fv2%2Fcomments&post=1004"}],"version-history":[{"count":6,"href":"https:\/\/www.ultimobaile.com\/index.php?rest_route=\/wp\/v2\/posts\/1004\/revisions"}],"predecessor-version":[{"id":4418,"href":"https:\/\/www.ultimobaile.com\/index.php?rest_route=\/wp\/v2\/posts\/1004\/revisions\/4418"}],"wp:attachment":[{"href":"https:\/\/www.ultimobaile.com\/index.php?rest_route=%2Fwp%2Fv2%2Fmedia&parent=1004"}],"wp:term":[{"taxonomy":"category","embeddable":true,"href":"https:\/\/www.ultimobaile.com\/index.php?rest_route=%2Fwp%2Fv2%2Fcategories&post=1004"},{"taxonomy":"post_tag","embeddable":true,"href":"https:\/\/www.ultimobaile.com\/index.php?rest_route=%2Fwp%2Fv2%2Ftags&post=1004"}],"curies":[{"name":"wp","href":"https:\/\/api.w.org\/{rel}","templated":true}]}}